{"id":97775,"date":"2025-01-22T09:53:28","date_gmt":"2025-01-22T12:53:28","guid":{"rendered":"https:\/\/tvc16.com\/portal\/?p=97775"},"modified":"2025-01-22T09:53:48","modified_gmt":"2025-01-22T12:53:48","slug":"carvalho-junior-fechada-para-veiculos-pesados-a-partir-desta-quarta-feira","status":"publish","type":"post","link":"https:\/\/tvc16.com\/portal\/2025\/01\/22\/carvalho-junior-fechada-para-veiculos-pesados-a-partir-desta-quarta-feira\/","title":{"rendered":"Carvalho J\u00fanior fechada para ve\u00edculos pesados a partir desta quarta-feira"},"content":{"rendered":"\n<p><em>Linha 615, que atende a localidade, tem trajeto alterado<\/em><\/p>\n\n\n\n<p>\u00c1guas do Imperador informa que a Rua Carvalho J\u00fanior estar\u00e1 fechada para o tr\u00e2nsito de ve\u00edculos \u00f4nibus e caminh\u00f5es, a partir desta quarta-feira (22\/01), das 8h \u00e0s 16h, para a continuidade da instala\u00e7\u00e3o da rede da nova adutora Carvalho J\u00fanior.<\/p>\n\n\n\n<p>As interven\u00e7\u00f5es ser\u00e3o do in\u00edcio da Rua Carvalho J\u00fanior (com a Estrada Uni\u00e3o e Ind\u00fastria) at\u00e9 o Condom\u00ednio Vale do Sossego e v\u00e3o contar com o apoio da CPTrans para sinaliza\u00e7\u00e3o e ordenamento do tr\u00e2nsito.<\/p>\n\n\n\n<p>Durante este per\u00edodo, a linha de \u00f4nibus 615 \u2013 Terminal Corr\u00eaas x Carangola, que atende a localidade, ter\u00e1 o trajeto alterado. Das 8h \u00e0s 16h, o ponto final do coletivo ser\u00e1 pr\u00f3ximo ao Condom\u00ednio Vale do Sossego, retornando sempre pelo Carangola.<\/p>\n\n\n\n<p>Os trabalhos no trecho, assim como a interdi\u00e7\u00e3o, ser\u00e3o de segunda a sexta-feira e a previs\u00e3o \u00e9 de que sejam finalizados no dia 31\/01.<\/p>\n","protected":false},"excerpt":{"rendered":"<p>Linha 615, que atende a localidade, tem trajeto alterado \u00c1guas do Imperador informa que a<\/p>\n","protected":false},"author":2,"featured_media":97776,"comment_status":"open","ping_status":"open","sticky":false,"template":"","format":"standard","meta":{"footnotes":""},"categories":[12],"tags":[],"class_list":["post-97775","post","type-post","status-publish","format-standard","has-post-thumbnail","hentry","category-cidade"],"_links":{"self":[{"href":"https:\/\/tvc16.com\/portal\/wp-json\/wp\/v2\/posts\/97775","targetHints":{"allow":["GET"]}}],"collection":[{"href":"https:\/\/tvc16.com\/portal\/wp-json\/wp\/v2\/posts"}],"about":[{"href":"https:\/\/tvc16.com\/portal\/wp-json\/wp\/v2\/types\/post"}],"author":[{"embeddable":true,"href":"https:\/\/tvc16.com\/portal\/wp-json\/wp\/v2\/users\/2"}],"replies":[{"embeddable":true,"href":"https:\/\/tvc16.com\/portal\/wp-json\/wp\/v2\/comments?post=97775"}],"version-history":[{"count":1,"href":"https:\/\/tvc16.com\/portal\/wp-json\/wp\/v2\/posts\/97775\/revisions"}],"predecessor-version":[{"id":97777,"href":"https:\/\/tvc16.com\/portal\/wp-json\/wp\/v2\/posts\/97775\/revisions\/97777"}],"wp:featuredmedia":[{"embeddable":true,"href":"https:\/\/tvc16.com\/portal\/wp-json\/wp\/v2\/media\/97776"}],"wp:attachment":[{"href":"https:\/\/tvc16.com\/portal\/wp-json\/wp\/v2\/media?parent=97775"}],"wp:term":[{"taxonomy":"category","embeddable":true,"href":"https:\/\/tvc16.com\/portal\/wp-json\/wp\/v2\/categories?post=97775"},{"taxonomy":"post_tag","embeddable":true,"href":"https:\/\/tvc16.com\/portal\/wp-json\/wp\/v2\/tags?post=97775"}],"curies":[{"name":"wp","href":"https:\/\/api.w.org\/{rel}","templated":true}]}}