{"id":9778,"date":"2021-01-20T06:16:59","date_gmt":"2021-01-20T09:16:59","guid":{"rendered":"https:\/\/tvc16.com\/portal\/?p=9778"},"modified":"2021-01-20T06:17:01","modified_gmt":"2021-01-20T09:17:01","slug":"secretaria-de-meio-ambiente-e-a-equipe-do-projeto-cilios-dagua-fez-nesta-terca-feira-19o-plantio-das-primeiras-40-mudas-de-arvores-de-um-projeto-ambiental-alem-de-estimular-a-conscientizacao-so","status":"publish","type":"post","link":"https:\/\/tvc16.com\/portal\/2021\/01\/20\/secretaria-de-meio-ambiente-e-a-equipe-do-projeto-cilios-dagua-fez-nesta-terca-feira-19o-plantio-das-primeiras-40-mudas-de-arvores-de-um-projeto-ambiental-alem-de-estimular-a-conscientizacao-so\/","title":{"rendered":"Secretaria de Meio Ambiente, e a equipe do projeto C\u00edlios D&#8217;\u00c1gua, fez nesta ter\u00e7a-feira, 19,o plantio das primeiras 40 mudas de \u00e1rvores de um projeto ambiental, al\u00e9m de estimular a conscientiza\u00e7\u00e3o sobre a import\u00e2ncia da preserva\u00e7\u00e3o e do reflorestamento, vai lembrar moradores de Petr\u00f3polis que n\u00e3o resistiram \u00e0 Covid-19"},"content":{"rendered":"\n<p><\/p>\n\n\n\n<p>O trabalho come\u00e7ou \u00e0s margens do Rio Piabanha, na Duarte da Silveira, e contou com a presen\u00e7a do prefeito interino Hingo Hammes e de representantes Projeto \u00c1gua e do Instituto Estadual do Ambiente (Inea).<\/p>\n\n\n\n<p><\/p>\n\n\n\n<figure class=\"wp-block-image size-large\"><img loading=\"lazy\" decoding=\"async\" width=\"1024\" height=\"768\" src=\"https:\/\/tvc16.com\/portal\/wp-content\/uploads\/2021\/01\/IMG-20210119-WA0098-1024x768.jpg\" alt=\"\" class=\"wp-image-9779\" srcset=\"https:\/\/tvc16.com\/portal\/wp-content\/uploads\/2021\/01\/IMG-20210119-WA0098-1024x768.jpg 1024w, https:\/\/tvc16.com\/portal\/wp-content\/uploads\/2021\/01\/IMG-20210119-WA0098-300x225.jpg 300w, https:\/\/tvc16.com\/portal\/wp-content\/uploads\/2021\/01\/IMG-20210119-WA0098-768x576.jpg 768w, https:\/\/tvc16.com\/portal\/wp-content\/uploads\/2021\/01\/IMG-20210119-WA0098-200x150.jpg 200w, https:\/\/tvc16.com\/portal\/wp-content\/uploads\/2021\/01\/IMG-20210119-WA0098.jpg 1280w\" sizes=\"auto, (max-width: 1024px) 100vw, 1024px\" \/><\/figure>\n\n\n\n<p>O primeiro homenageado pelas equipes foi Paulo Leite, que faleceu em setembro do ano passado v\u00edtima da Covid-19. Ele era funcion\u00e1rio da secretaria de Meio Ambiente. Paulo foi um dos fundadores do Comit\u00ea Piabanha e um grande defensor das causas ambientais e dos direitos humanos, como explica lembra a esposa dele, Adriana Hutter de Souza Leite.<\/p>\n\n\n\n<p>&#8220;Apesar de todo o momento de dor, de perda, \u00e9 um conforto para n\u00f3s da fam\u00edlia. Temos uma gratid\u00e3o enorme pelo que ele deixou para a cidade. Ele n\u00e3o lutava apenas pelo Meio Ambiente, mas tamb\u00e9m pelos direitos humanos. Sempre pensou no outro, buscando um mundo melhor&#8221;, disse Adriana, emocionada, ressaltando, ainda, o orgulho que os filhos sentem pela luta dele.<\/p>\n\n\n\n<p><\/p>\n\n\n\n<figure class=\"wp-block-image size-large\"><img loading=\"lazy\" decoding=\"async\" width=\"1024\" height=\"768\" src=\"https:\/\/tvc16.com\/portal\/wp-content\/uploads\/2021\/01\/IMG-20210119-WA0100-1024x768.jpg\" alt=\"\" class=\"wp-image-9780\" srcset=\"https:\/\/tvc16.com\/portal\/wp-content\/uploads\/2021\/01\/IMG-20210119-WA0100-1024x768.jpg 1024w, https:\/\/tvc16.com\/portal\/wp-content\/uploads\/2021\/01\/IMG-20210119-WA0100-300x225.jpg 300w, https:\/\/tvc16.com\/portal\/wp-content\/uploads\/2021\/01\/IMG-20210119-WA0100-768x576.jpg 768w, https:\/\/tvc16.com\/portal\/wp-content\/uploads\/2021\/01\/IMG-20210119-WA0100-200x150.jpg 200w, https:\/\/tvc16.com\/portal\/wp-content\/uploads\/2021\/01\/IMG-20210119-WA0100.jpg 1280w\" sizes=\"auto, (max-width: 1024px) 100vw, 1024px\" \/><\/figure>\n\n\n\n<p>&#8220;Meu pai sempre lutou pelas \u00e1guas, pela natureza, por isso ele participava de todas as unidades de conserva\u00e7\u00e3o da cidade. Ele deixou um legado para a nossa fam\u00edlia. Esperamos que com essa a\u00e7\u00e3o a gente consiga deixar um grande exemplo para as pr\u00f3ximas gera\u00e7\u00f5es, como ele fez pela gente. Estou muito emocionado com esse momento&#8221;, contou Cain\u00e3 Hutter, filho de Paulo Leite, que estuda Biologia e faz parte do projeto C\u00edlios D&#8217;\u00c1gua.<\/p>\n\n\n\n<p>\u201cParticipar deste ato, num momento como este, no mesmo dia da chegada das primeiras doses da vacina na cidade, tem um simbolismo ainda maior. O momento \u00e9 de esperan\u00e7a, sim, mas, principalmente, de refletirmos sobre tudo o que a pandemia nos trouxe como li\u00e7\u00e3o\u201d, afirmou o prefeito interino Hingo Hammes, que esteve no local acompanhando o plantio das mudas.<\/p>\n\n\n\n<p>O plantio ser\u00e1 realizado ao longo da extens\u00e3o do Rio Piabanha que abrange Petr\u00f3polis. Segundo Luiz Salgueiro, idealizador do projeto C\u00edlios D&#8217;\u00c1gua, \u00e9 necess\u00e1rio envolver a popula\u00e7\u00e3o para que ela cuide dos locais ap\u00f3s o plantio das mudas. \u201cO envolvimento das pessoas \u00e9 fundamental. N\u00e3o \u00e9 s\u00f3 chegar e plantar. Existe um cuidado ap\u00f3s o plantio e a gente precisa que os vizinhos, os moradores dos locais, nos apoiem neste sentido\u201d, disse.<\/p>\n\n\n\n<p>A ideia de convidar o Projeto \u00c1gua e o Inea para a atividade partiu do secret\u00e1rio de Meio Ambiente, Edmardo Campbell. \u201c\u00c9 uma forma de trazer a comunidade para o nosso lado, envolvendo os jovens, preservando e cuidando dos nossos rios. \u00c9 uma homenagem sim, mas tamb\u00e9m existe a conscientiza\u00e7\u00e3o e o reflorestamento. Queremos envolver ainda mais institui\u00e7\u00f5es neste trabalho\u201d, disse.<\/p>\n","protected":false},"excerpt":{"rendered":"<p>O trabalho come\u00e7ou \u00e0s margens do Rio Piabanha, na Duarte da Silveira, e contou com<\/p>\n","protected":false},"author":2,"featured_media":9781,"comment_status":"open","ping_status":"open","sticky":false,"template":"","format":"standard","meta":{"footnotes":""},"categories":[12],"tags":[],"class_list":["post-9778","post","type-post","status-publish","format-standard","has-post-thumbnail","hentry","category-cidade"],"_links":{"self":[{"href":"https:\/\/tvc16.com\/portal\/wp-json\/wp\/v2\/posts\/9778","targetHints":{"allow":["GET"]}}],"collection":[{"href":"https:\/\/tvc16.com\/portal\/wp-json\/wp\/v2\/posts"}],"about":[{"href":"https:\/\/tvc16.com\/portal\/wp-json\/wp\/v2\/types\/post"}],"author":[{"embeddable":true,"href":"https:\/\/tvc16.com\/portal\/wp-json\/wp\/v2\/users\/2"}],"replies":[{"embeddable":true,"href":"https:\/\/tvc16.com\/portal\/wp-json\/wp\/v2\/comments?post=9778"}],"version-history":[{"count":1,"href":"https:\/\/tvc16.com\/portal\/wp-json\/wp\/v2\/posts\/9778\/revisions"}],"predecessor-version":[{"id":9782,"href":"https:\/\/tvc16.com\/portal\/wp-json\/wp\/v2\/posts\/9778\/revisions\/9782"}],"wp:featuredmedia":[{"embeddable":true,"href":"https:\/\/tvc16.com\/portal\/wp-json\/wp\/v2\/media\/9781"}],"wp:attachment":[{"href":"https:\/\/tvc16.com\/portal\/wp-json\/wp\/v2\/media?parent=9778"}],"wp:term":[{"taxonomy":"category","embeddable":true,"href":"https:\/\/tvc16.com\/portal\/wp-json\/wp\/v2\/categories?post=9778"},{"taxonomy":"post_tag","embeddable":true,"href":"https:\/\/tvc16.com\/portal\/wp-json\/wp\/v2\/tags?post=9778"}],"curies":[{"name":"wp","href":"https:\/\/api.w.org\/{rel}","templated":true}]}}