{"id":97781,"date":"2025-01-23T06:09:00","date_gmt":"2025-01-23T09:09:00","guid":{"rendered":"https:\/\/tvc16.com\/portal\/?p=97781"},"modified":"2025-01-22T10:12:52","modified_gmt":"2025-01-22T13:12:52","slug":"encceja-mais-de-6-mil-pedidos-de-certificado-em-uma-semana","status":"publish","type":"post","link":"https:\/\/tvc16.com\/portal\/2025\/01\/23\/encceja-mais-de-6-mil-pedidos-de-certificado-em-uma-semana\/","title":{"rendered":"Encceja: mais de 6 mil pedidos de certificado em uma semana"},"content":{"rendered":"\n<p><em>A solicita\u00e7\u00e3o do documento de conclus\u00e3o deve ser feita pelo site&nbsp;<a href=\"https:\/\/certificacaoencceja.educacao.rj.gov.br\/\" target=\"_blank\" rel=\"noreferrer noopener\">https:\/\/certificacaoencceja.educacao.rj.gov.br<\/a><\/em><\/p>\n\n\n\n<p>As solicita\u00e7\u00f5es para o certificado do Encceja est\u00e3o a todo vapor na Secretaria de Estado de Educa\u00e7\u00e3o (Seeduc-RJ). O exame traz uma nova oportunidade aos estudantes que n\u00e3o conseguiram concluir seus estudos na idade pr\u00f3pria. Com isso, eles t\u00eam a chance de conseguir uma melhor coloca\u00e7\u00e3o no mercado de trabalho e ainda prosseguir seus estudos. Em uma semana foram realizados 6.846 pedidos. Os participantes do Encceja 2024 que indicaram a Seeduc como unidade certificadora podem solicitar o documento de conclus\u00e3o pelo portal&nbsp;<a href=\"https:\/\/certificacaoencceja.educacao.rj.gov.br\/\" target=\"_blank\" rel=\"noreferrer noopener\">https:\/\/certificacaoencceja.educacao.rj.gov.br<\/a>.<\/p>\n\n\n\n<p>\u2014 A educa\u00e7\u00e3o proporciona muito mais do que o aprendizado de conte\u00fado. A conquista de um certificado \u00e9 o primeiro passo para a constru\u00e7\u00e3o de um futuro melhor e mais digno \u2014 afirma a secret\u00e1ria de Estado de Educa\u00e7\u00e3o, Roberta Barreto.<\/p>\n\n\n\n<p>O Encceja \u00e9 um exame de avalia\u00e7\u00e3o de compet\u00eancias, destinado a jovens e adultos que n\u00e3o tiveram oportunidade de concluir seus estudos na idade certa para cada n\u00edvel de ensino. Criado em 2002, o exame \u00e9 volunt\u00e1rio e gratuito. \u00c9 necess\u00e1rio ter, no m\u00ednimo, 15 anos completos para o Ensino Fundamental e, no m\u00ednimo, 18 anos completos para o Ensino M\u00e9dio.<\/p>\n\n\n\n<p>Quem elabora, aplica e corrige as provas \u00e9 o Instituto Nacional de Estudos e Pesquisas Educacionais An\u00edsio Teixeira (Inep). A emiss\u00e3o do Certificado de Conclus\u00e3o ou Certid\u00e3o Parcial de profici\u00eancia \u00e9 tarefa das secretarias estaduais de Educa\u00e7\u00e3o e dos institutos federais de Educa\u00e7\u00e3o parceiros do Inep. Durante o ato de inscri\u00e7\u00e3o, o participante escolhe qual ser\u00e1 a institui\u00e7\u00e3o certificadora.<\/p>\n\n\n\n<p>\u2014 \u00c9 uma sensa\u00e7\u00e3o especial, de dever cumprido. A maior dificuldade que tive foi em rela\u00e7\u00e3o \u00e0 reda\u00e7\u00e3o, mas deu tudo certo. Estou muito feliz e, agora, s\u00f3 penso no meu crescimento profissional \u2014 afirmou Silas Lima Souza, de 35 anos, morador de S\u00e3o Gon\u00e7alo, que compareceu \u00e0 sede da Seeduc-RJ para buscar seu certificado.<\/p>\n","protected":false},"excerpt":{"rendered":"<p>A solicita\u00e7\u00e3o do documento de conclus\u00e3o deve ser feita pelo site&nbsp;https:\/\/certificacaoencceja.educacao.rj.gov.br As solicita\u00e7\u00f5es para o<\/p>\n","protected":false},"author":2,"featured_media":97782,"comment_status":"open","ping_status":"open","sticky":false,"template":"","format":"standard","meta":{"footnotes":""},"categories":[17],"tags":[],"class_list":["post-97781","post","type-post","status-publish","format-standard","has-post-thumbnail","hentry","category-outras-noticias"],"_links":{"self":[{"href":"https:\/\/tvc16.com\/portal\/wp-json\/wp\/v2\/posts\/97781","targetHints":{"allow":["GET"]}}],"collection":[{"href":"https:\/\/tvc16.com\/portal\/wp-json\/wp\/v2\/posts"}],"about":[{"href":"https:\/\/tvc16.com\/portal\/wp-json\/wp\/v2\/types\/post"}],"author":[{"embeddable":true,"href":"https:\/\/tvc16.com\/portal\/wp-json\/wp\/v2\/users\/2"}],"replies":[{"embeddable":true,"href":"https:\/\/tvc16.com\/portal\/wp-json\/wp\/v2\/comments?post=97781"}],"version-history":[{"count":1,"href":"https:\/\/tvc16.com\/portal\/wp-json\/wp\/v2\/posts\/97781\/revisions"}],"predecessor-version":[{"id":97784,"href":"https:\/\/tvc16.com\/portal\/wp-json\/wp\/v2\/posts\/97781\/revisions\/97784"}],"wp:featuredmedia":[{"embeddable":true,"href":"https:\/\/tvc16.com\/portal\/wp-json\/wp\/v2\/media\/97782"}],"wp:attachment":[{"href":"https:\/\/tvc16.com\/portal\/wp-json\/wp\/v2\/media?parent=97781"}],"wp:term":[{"taxonomy":"category","embeddable":true,"href":"https:\/\/tvc16.com\/portal\/wp-json\/wp\/v2\/categories?post=97781"},{"taxonomy":"post_tag","embeddable":true,"href":"https:\/\/tvc16.com\/portal\/wp-json\/wp\/v2\/tags?post=97781"}],"curies":[{"name":"wp","href":"https:\/\/api.w.org\/{rel}","templated":true}]}}