{"id":97785,"date":"2025-01-22T10:59:33","date_gmt":"2025-01-22T13:59:33","guid":{"rendered":"https:\/\/tvc16.com\/portal\/?p=97785"},"modified":"2025-01-22T10:59:37","modified_gmt":"2025-01-22T13:59:37","slug":"carro-e-moto-colidem-na-manha-desta-quarta-feira-em-correas","status":"publish","type":"post","link":"https:\/\/tvc16.com\/portal\/2025\/01\/22\/carro-e-moto-colidem-na-manha-desta-quarta-feira-em-correas\/","title":{"rendered":"Carro e moto colidem na manh\u00e3 desta quarta-feira em Corr\u00eaas"},"content":{"rendered":"\n<p>Na manh\u00e3 desta quarta-feira (22), um carro e moto colidiram na Estrada Uni\u00e3o e Ind\u00fastria, na altura do n\u00famero 5.665, em Corr\u00eaas, pr\u00f3ximo a regi\u00e3o conhecida como Posto Dois. O Corpo de Bombeiros foi acionados \u00e0s 7h34  e o motociclista foi encaminhado para o hospital, contudo n\u00e3o h\u00e1 informa\u00e7\u00f5es ainda sobre o estado de sa\u00fade do motocilista. Devido a colis\u00e3o, a via, sentido Corr\u00eaas ficou interditada at\u00e9 a chegada da corpora\u00e7\u00e3o.<\/p>\n","protected":false},"excerpt":{"rendered":"<p>Na manh\u00e3 desta quarta-feira (22), um carro e moto colidiram na Estrada Uni\u00e3o e Ind\u00fastria,<\/p>\n","protected":false},"author":2,"featured_media":97786,"comment_status":"open","ping_status":"open","sticky":false,"template":"","format":"standard","meta":{"footnotes":""},"categories":[12],"tags":[],"class_list":["post-97785","post","type-post","status-publish","format-standard","has-post-thumbnail","hentry","category-cidade"],"_links":{"self":[{"href":"https:\/\/tvc16.com\/portal\/wp-json\/wp\/v2\/posts\/97785","targetHints":{"allow":["GET"]}}],"collection":[{"href":"https:\/\/tvc16.com\/portal\/wp-json\/wp\/v2\/posts"}],"about":[{"href":"https:\/\/tvc16.com\/portal\/wp-json\/wp\/v2\/types\/post"}],"author":[{"embeddable":true,"href":"https:\/\/tvc16.com\/portal\/wp-json\/wp\/v2\/users\/2"}],"replies":[{"embeddable":true,"href":"https:\/\/tvc16.com\/portal\/wp-json\/wp\/v2\/comments?post=97785"}],"version-history":[{"count":1,"href":"https:\/\/tvc16.com\/portal\/wp-json\/wp\/v2\/posts\/97785\/revisions"}],"predecessor-version":[{"id":97787,"href":"https:\/\/tvc16.com\/portal\/wp-json\/wp\/v2\/posts\/97785\/revisions\/97787"}],"wp:featuredmedia":[{"embeddable":true,"href":"https:\/\/tvc16.com\/portal\/wp-json\/wp\/v2\/media\/97786"}],"wp:attachment":[{"href":"https:\/\/tvc16.com\/portal\/wp-json\/wp\/v2\/media?parent=97785"}],"wp:term":[{"taxonomy":"category","embeddable":true,"href":"https:\/\/tvc16.com\/portal\/wp-json\/wp\/v2\/categories?post=97785"},{"taxonomy":"post_tag","embeddable":true,"href":"https:\/\/tvc16.com\/portal\/wp-json\/wp\/v2\/tags?post=97785"}],"curies":[{"name":"wp","href":"https:\/\/api.w.org\/{rel}","templated":true}]}}