{"id":97799,"date":"2025-01-25T05:00:00","date_gmt":"2025-01-25T08:00:00","guid":{"rendered":"https:\/\/tvc16.com\/portal\/?p=97799"},"modified":"2025-01-22T13:53:27","modified_gmt":"2025-01-22T16:53:27","slug":"soberano-locanda-bistro-recebe-musico-pedro-ribeiro-para-feijoada-ao-estilo-brasileiro-e-frances","status":"publish","type":"post","link":"https:\/\/tvc16.com\/portal\/2025\/01\/25\/soberano-locanda-bistro-recebe-musico-pedro-ribeiro-para-feijoada-ao-estilo-brasileiro-e-frances\/","title":{"rendered":"Soberano Locanda Bistr\u00f4 recebe m\u00fasico Pedro Ribeiro para feijoada ao estilo brasileiro e franc\u00eas"},"content":{"rendered":"\n<p>O \u00faltimo s\u00e1bado de janeiro (25\/1), ser\u00e1 dia de feijoada no restaurante Soberano &#8211; Locanda Bistr\u00f4, no Esta\u00e7\u00e3o Locanda, em Itaipava . Entre \u00e0s 12h e 16h os chefs promover\u00e3o uma verdadeira experi\u00eancia cultural por meio da gastronomia, com a elabora\u00e7\u00e3o desse t\u00edpico prato de origem portuguesa, preparado ao estilo brasileiro (feij\u00e3o preto) e franc\u00eas (feij\u00e3o branco), o cassoulet. Tudo isso ao som do m\u00fasico petropolitano, Pedro Ribeiro, que vai apresentar um repert\u00f3rio que mescla MPB, bossa nova e samba .<\/p>\n\n\n\n<p>O evento \u00e9 aberto ao p\u00fablico que ter\u00e1 a oportunidade de apreciar a alta gastronomia t\u00edpica do grupo Locanda, que agora integra a cozinha do Soberano. \u201cEstamos no Soberano com a proposta de elaborar a alta gastronomia. Esse evento pretende proporcionar uma interessante experi\u00eancia cultural por meio da culin\u00e1ria\u201d, destacou o empres\u00e1rio Luiz Fernando Gomes, propriet\u00e1rio da rede Locanda .<\/p>\n\n\n\n<p>No card\u00e1pio, o p\u00fablico poder\u00e1 escolher entre a feijoada tipicamente brasileira, feita com uma mistura de feij\u00f5es pretos e de diferentes tipos de carne, podendo ser acompanhada de farofa, arroz branco, couve refogada e laranja fatiada, entre outros ingredientes. J\u00e1 o cassoulet, conhecido como a feijoada francesa, combina feij\u00e3o branco com ingredientes diversos.<\/p>\n\n\n\n<p>Em harmonia com o card\u00e1pio, o cantor, compositor e violonista Pedro Ribeiro levar\u00e1 seu estilo em um misto de repert\u00f3rio tradicional e contempor\u00e2neo. Suas m\u00fasicas sofrem a influ\u00eancia da Bossa Nova, MPB, Jazz, Choro, Samba e Bai\u00e3o, utilizando linguagem moderna, mas seguindo as ra\u00edzes da m\u00fasica brasileira.<\/p>\n\n\n\n<p>Foto: diculga\u00e7\u00e3o <\/p>\n","protected":false},"excerpt":{"rendered":"<p>O \u00faltimo s\u00e1bado de janeiro (25\/1), ser\u00e1 dia de feijoada no restaurante Soberano &#8211; Locanda<\/p>\n","protected":false},"author":2,"featured_media":97800,"comment_status":"open","ping_status":"open","sticky":false,"template":"","format":"standard","meta":{"footnotes":""},"categories":[12,1],"tags":[],"class_list":["post-97799","post","type-post","status-publish","format-standard","has-post-thumbnail","hentry","category-cidade","category-uncategorized"],"_links":{"self":[{"href":"https:\/\/tvc16.com\/portal\/wp-json\/wp\/v2\/posts\/97799","targetHints":{"allow":["GET"]}}],"collection":[{"href":"https:\/\/tvc16.com\/portal\/wp-json\/wp\/v2\/posts"}],"about":[{"href":"https:\/\/tvc16.com\/portal\/wp-json\/wp\/v2\/types\/post"}],"author":[{"embeddable":true,"href":"https:\/\/tvc16.com\/portal\/wp-json\/wp\/v2\/users\/2"}],"replies":[{"embeddable":true,"href":"https:\/\/tvc16.com\/portal\/wp-json\/wp\/v2\/comments?post=97799"}],"version-history":[{"count":2,"href":"https:\/\/tvc16.com\/portal\/wp-json\/wp\/v2\/posts\/97799\/revisions"}],"predecessor-version":[{"id":97802,"href":"https:\/\/tvc16.com\/portal\/wp-json\/wp\/v2\/posts\/97799\/revisions\/97802"}],"wp:featuredmedia":[{"embeddable":true,"href":"https:\/\/tvc16.com\/portal\/wp-json\/wp\/v2\/media\/97800"}],"wp:attachment":[{"href":"https:\/\/tvc16.com\/portal\/wp-json\/wp\/v2\/media?parent=97799"}],"wp:term":[{"taxonomy":"category","embeddable":true,"href":"https:\/\/tvc16.com\/portal\/wp-json\/wp\/v2\/categories?post=97799"},{"taxonomy":"post_tag","embeddable":true,"href":"https:\/\/tvc16.com\/portal\/wp-json\/wp\/v2\/tags?post=97799"}],"curies":[{"name":"wp","href":"https:\/\/api.w.org\/{rel}","templated":true}]}}