{"id":97804,"date":"2025-01-23T05:00:00","date_gmt":"2025-01-23T08:00:00","guid":{"rendered":"https:\/\/tvc16.com\/portal\/?p=97804"},"modified":"2025-01-22T13:54:43","modified_gmt":"2025-01-22T16:54:43","slug":"o-festival-sesc-verao-promete-movimentar-teresopolis-neste-final-de-semana","status":"publish","type":"post","link":"https:\/\/tvc16.com\/portal\/2025\/01\/23\/o-festival-sesc-verao-promete-movimentar-teresopolis-neste-final-de-semana\/","title":{"rendered":"O festival Sesc Ver\u00e3o promete movimentar Teres\u00f3polis neste final de semana"},"content":{"rendered":"\n<p>O Sesc Ver\u00e3o j\u00e1 come\u00e7ou com tudo, trazendo uma programa\u00e7\u00e3o gratuita que promete agradar a toda a fam\u00edlia. Neste s\u00e1bado, 25, a Pra\u00e7a Ol\u00edmpica receber\u00e1 grandes atra\u00e7\u00f5es musicais, com os shows da banda Quintal do C\u00e9u \u00e0s 18h30 e do Revela\u00e7\u00e3o \u00e0s 20h. J\u00e1 no domingo, 26, ser\u00e1 a vez dos Mangabrothers, tamb\u00e9m \u00e0s 18h30, e de Manena, \u00e0s 20h.<\/p>\n\n\n\n<p>E a programa\u00e7\u00e3o n\u00e3o para por a\u00ed! Para a divers\u00e3o das crian\u00e7as, haver\u00e1 uma s\u00e9rie de atividades das 12h \u00e0s 18h, incluindo Tobo\u00e1gua, Slide Radical, Espa\u00e7o Baby, Recrea\u00e7\u00e3o Molhada e Futebol de Sab\u00e3o. Para completar, das 10h \u00e0s 15h, o p\u00fablico poder\u00e1 desfrutar de Conta\u00e7\u00e3o de Hist\u00f3ria Ver\u00e3o \u00e0 Beira-Mar, apresenta\u00e7\u00f5es do Circo Andante e Adiante, al\u00e9m da Oficina Dando Vida aos Personagens do Seu Livro.<\/p>\n\n\n\n<p>A iniciativa conta com o apoio da Prefeitura de Teres\u00f3polis, atrav\u00e9s da Secretaria M. de Turismo. Convide a fam\u00edlia e amigos e venha aproveitar um final de semana repleto de cultura,&nbsp;lazer e m\u00fasica!<\/p>\n\n\n\n<p>Foto: divulga\u00e7\u00e3o<\/p>\n","protected":false},"excerpt":{"rendered":"<p>O Sesc Ver\u00e3o j\u00e1 come\u00e7ou com tudo, trazendo uma programa\u00e7\u00e3o gratuita que promete agradar a<\/p>\n","protected":false},"author":2,"featured_media":97805,"comment_status":"open","ping_status":"open","sticky":false,"template":"","format":"standard","meta":{"footnotes":""},"categories":[17],"tags":[],"class_list":["post-97804","post","type-post","status-publish","format-standard","has-post-thumbnail","hentry","category-outras-noticias"],"_links":{"self":[{"href":"https:\/\/tvc16.com\/portal\/wp-json\/wp\/v2\/posts\/97804","targetHints":{"allow":["GET"]}}],"collection":[{"href":"https:\/\/tvc16.com\/portal\/wp-json\/wp\/v2\/posts"}],"about":[{"href":"https:\/\/tvc16.com\/portal\/wp-json\/wp\/v2\/types\/post"}],"author":[{"embeddable":true,"href":"https:\/\/tvc16.com\/portal\/wp-json\/wp\/v2\/users\/2"}],"replies":[{"embeddable":true,"href":"https:\/\/tvc16.com\/portal\/wp-json\/wp\/v2\/comments?post=97804"}],"version-history":[{"count":2,"href":"https:\/\/tvc16.com\/portal\/wp-json\/wp\/v2\/posts\/97804\/revisions"}],"predecessor-version":[{"id":97807,"href":"https:\/\/tvc16.com\/portal\/wp-json\/wp\/v2\/posts\/97804\/revisions\/97807"}],"wp:featuredmedia":[{"embeddable":true,"href":"https:\/\/tvc16.com\/portal\/wp-json\/wp\/v2\/media\/97805"}],"wp:attachment":[{"href":"https:\/\/tvc16.com\/portal\/wp-json\/wp\/v2\/media?parent=97804"}],"wp:term":[{"taxonomy":"category","embeddable":true,"href":"https:\/\/tvc16.com\/portal\/wp-json\/wp\/v2\/categories?post=97804"},{"taxonomy":"post_tag","embeddable":true,"href":"https:\/\/tvc16.com\/portal\/wp-json\/wp\/v2\/tags?post=97804"}],"curies":[{"name":"wp","href":"https:\/\/api.w.org\/{rel}","templated":true}]}}