{"id":97808,"date":"2025-01-26T05:00:00","date_gmt":"2025-01-26T08:00:00","guid":{"rendered":"https:\/\/tvc16.com\/portal\/?p=97808"},"modified":"2025-01-22T13:58:36","modified_gmt":"2025-01-22T16:58:36","slug":"unita-mobiliza-esforcos-para-melhorar-a-mobilidade-urbana-em-itaipava","status":"publish","type":"post","link":"https:\/\/tvc16.com\/portal\/2025\/01\/26\/unita-mobiliza-esforcos-para-melhorar-a-mobilidade-urbana-em-itaipava\/","title":{"rendered":"UNITA mobiliza esfor\u00e7os para melhorar a mobilidade urbana em Itaipava"},"content":{"rendered":"\n<p><em>Diretoria e empres\u00e1rios se re\u00fanem para discutir solu\u00e7\u00f5es de mobilidade e infraestrutura<\/em><\/p>\n\n\n\n<p>O movimento UNITA &#8211; Unidos por Itaipava, reuniu diretoria e apoiadores na [\u00faltima ter\u00e7a-feira (22) para avaliar avan\u00e7os e refor\u00e7ar metas para a mobilidade urbana do distrito, a sua principal bandeira. Em desenvolvimento de uma campanha para ampliar o n\u00famero de associados, o movimento empresarial debateu melhorias na sinaliza\u00e7\u00e3o de tr\u00e2nsito, fiscaliza\u00e7\u00e3o e conscientiza\u00e7\u00e3o para pedestres e motoristas.<\/p>\n\n\n\n<p>Al\u00e9m de melhorias na sinaliza\u00e7\u00e3o, a UNITA, neste encontro, abordou solu\u00e7\u00f5es para a mobilidade urbana em Itaipava, principal bandeira da associa\u00e7\u00e3o desde sua forma\u00e7\u00e3o. O movimento cobra melhor ordena\u00e7\u00e3o do tr\u00e2nsito e prop\u00f5e uma campanha para a conscientiza\u00e7\u00e3o de motoristas e pedestres, contribuindo para um tr\u00e2nsito mais fluido e seguro. A pauta ganhou ainda mais relev\u00e2ncia com o atropelamento de um casal de idosos, turistas do Rio, sexta-feira, enquanto atravessavam na faixa de pedestres da Estrada Uni\u00e3o e Ind\u00fastria.<\/p>\n\n\n\n<p>&#8220;A melhoria da mobilidade urbana \u00e9 uma prioridade para a UNITA, e queremos unir a comunidade e os empres\u00e1rios para alcan\u00e7ar mudan\u00e7as efetivas. Precisamos de ruas mais iluminadas, sinaliza\u00e7\u00e3o clara e respeito \u00e0s normas de tr\u00e2nsito para garantir a mobilidade e a seguran\u00e7a de todos,&#8221; destaca Alexandre Plantz, presidente da associa\u00e7\u00e3o.<\/p>\n\n\n\n<p>Desde que foi fundada em agosto, a UNITA vem consolidando seu papel como uma voz ativa em prol da comunidade. Em 2024, a associa\u00e7\u00e3o abordou temas como sinaliza\u00e7\u00e3o, infraestrutura e planejamento urbano, e os avan\u00e7os conquistados ser\u00e3o a base para novas a\u00e7\u00f5es em 2025.<\/p>\n\n\n\n<p>\u201cAbrimos di\u00e1logo com o Departamento Nacional de Infraestrutura de Transportes (DNIT) e o Instituto Estadual de Engenheiros e Arquitetos (IEEA), parceiros que j\u00e1 avaliaram pontos cr\u00edticos da Estrada Uni\u00e3o e Ind\u00fastria, estamos em sinergia com outras entidades da sociedade, temos pautas a serem apresentadas ao governo municipal e formamos grupos t\u00e9cnicos de trabalho dentro da entidade, volunt\u00e1rio. Tudo com a meta de mostrar os problemas, mas tamb\u00e9m sugerir solu\u00e7\u00f5es. Est\u00e3o nesta rota, interven\u00e7\u00f5es pontuais e a formata\u00e7\u00e3o de plano de desenvolvimento urbano que priorize infraestrutura, seguran\u00e7a e mobilidade, pilares essenciais para o crescimento sustent\u00e1vel do distrito\u201d, aponta Alexandre Plantz.<\/p>\n\n\n\n<p>Fabr\u00edcio Santos, secret\u00e1rio da UNITA, destaca a mobiliza\u00e7\u00e3o para ades\u00e3o de novos associados para fortalecer a atua\u00e7\u00e3o da entidade. \u201cAgora que somos oficialmente uma associa\u00e7\u00e3o, daremos in\u00edcio a uma campanha de ades\u00e3o de novos membros. Queremos expandir nossas a\u00e7\u00f5es e continuar vigilantes quanto \u00e0s necessidades de Itaipava,\u201d afirma.&nbsp;<\/p>\n\n\n\n<p>Foto: divulga\u00e7\u00e3o<\/p>\n","protected":false},"excerpt":{"rendered":"<p>Diretoria e empres\u00e1rios se re\u00fanem para discutir solu\u00e7\u00f5es de mobilidade e infraestrutura O movimento UNITA<\/p>\n","protected":false},"author":2,"featured_media":97809,"comment_status":"open","ping_status":"open","sticky":false,"template":"","format":"standard","meta":{"footnotes":""},"categories":[12],"tags":[],"class_list":["post-97808","post","type-post","status-publish","format-standard","has-post-thumbnail","hentry","category-cidade"],"_links":{"self":[{"href":"https:\/\/tvc16.com\/portal\/wp-json\/wp\/v2\/posts\/97808","targetHints":{"allow":["GET"]}}],"collection":[{"href":"https:\/\/tvc16.com\/portal\/wp-json\/wp\/v2\/posts"}],"about":[{"href":"https:\/\/tvc16.com\/portal\/wp-json\/wp\/v2\/types\/post"}],"author":[{"embeddable":true,"href":"https:\/\/tvc16.com\/portal\/wp-json\/wp\/v2\/users\/2"}],"replies":[{"embeddable":true,"href":"https:\/\/tvc16.com\/portal\/wp-json\/wp\/v2\/comments?post=97808"}],"version-history":[{"count":2,"href":"https:\/\/tvc16.com\/portal\/wp-json\/wp\/v2\/posts\/97808\/revisions"}],"predecessor-version":[{"id":97811,"href":"https:\/\/tvc16.com\/portal\/wp-json\/wp\/v2\/posts\/97808\/revisions\/97811"}],"wp:featuredmedia":[{"embeddable":true,"href":"https:\/\/tvc16.com\/portal\/wp-json\/wp\/v2\/media\/97809"}],"wp:attachment":[{"href":"https:\/\/tvc16.com\/portal\/wp-json\/wp\/v2\/media?parent=97808"}],"wp:term":[{"taxonomy":"category","embeddable":true,"href":"https:\/\/tvc16.com\/portal\/wp-json\/wp\/v2\/categories?post=97808"},{"taxonomy":"post_tag","embeddable":true,"href":"https:\/\/tvc16.com\/portal\/wp-json\/wp\/v2\/tags?post=97808"}],"curies":[{"name":"wp","href":"https:\/\/api.w.org\/{rel}","templated":true}]}}