{"id":97812,"date":"2025-01-25T05:00:00","date_gmt":"2025-01-25T08:00:00","guid":{"rendered":"https:\/\/tvc16.com\/portal\/?p=97812"},"modified":"2025-01-22T15:38:03","modified_gmt":"2025-01-22T18:38:03","slug":"inscricoes-abertas-para-oficina-gratuita-de-pintura-em-vidro-na-estacao-jaqueira-em-petropolis","status":"publish","type":"post","link":"https:\/\/tvc16.com\/portal\/2025\/01\/25\/inscricoes-abertas-para-oficina-gratuita-de-pintura-em-vidro-na-estacao-jaqueira-em-petropolis\/","title":{"rendered":"Inscri\u00e7\u00f5es abertas para oficina gratuita de pintura em vidro na Esta\u00e7\u00e3o Jaqueira, em Petr\u00f3polis"},"content":{"rendered":"\n<p>Neste s\u00e1bado, dia 25 de janeiro, das 11h \u00e0s 13h, a Esta\u00e7\u00e3o Jaqueira, localizada no Vale do Cuiab\u00e1, em Petr\u00f3polis, promover\u00e1 uma oficina gratuita de pintura em vidro, como parte da programa\u00e7\u00e3o da exposi\u00e7\u00e3o \u201cAteli\u00ea Arte Lavrinha\u201d.<\/p>\n\n\n\n<p>A oficina ser\u00e1 conduzida pela equipe do programa educativo da Esta\u00e7\u00e3o Jaqueira e prop\u00f5e n\u00e3o apenas um momento de criatividade e troca entre os participantes, mas tamb\u00e9m uma homenagem aos artistas cujas obras est\u00e3o em exibi\u00e7\u00e3o. Para a oficina, ser\u00e3o utilizados vidros resgatados do per\u00edodo em que o espa\u00e7o tamb\u00e9m atuava como ponto de coleta seletiva no Vale do Cuiab\u00e1. \u201cQueremos que os participantes vivenciem o valor de dar um novo significado a materiais simples e oriundos de reaproveitamento, enquanto se conectam \u00e0 arte e \u00e0 proposta da exposi\u00e7\u00e3o, homenageando Catita, Ivanir, Rosineia, Cida e Luciano, que s\u00e3o os artistas desta exposi\u00e7\u00e3o t\u00e3o especial aqui na Jaqueira\u201d, destaca a equipe.<\/p>\n\n\n\n<p>Com vagas limitadas a 12 participantes, a oficina faz parte das a\u00e7\u00f5es do espa\u00e7o, que busca aproximar o p\u00fablico de Petr\u00f3polis e cidades vizinhas por meio de atividades educativas, culturais e ambientais.<\/p>\n\n\n\n<p>As inscri\u00e7\u00f5es est\u00e3o abertas at\u00e9 esta sexta-feira (24), \u00e0s 16h, e podem ser feitas pelo WhatsApp&nbsp;<a rel=\"noreferrer noopener\" target=\"_blank\" href=\"https:\/\/na01.safelinks.protection.outlook.com\/?url=https%3A%2F%2Fw.app%2Festacaojaqueira2020&amp;data=05%7C02%7C%7C995db03ffd954d5815e808dd3ae4afd0%7C84df9e7fe9f640afb435aaaaaaaaaaaa%7C1%7C0%7C638731476085610572%7CUnknown%7CTWFpbGZsb3d8eyJFbXB0eU1hcGkiOnRydWUsIlYiOiIwLjAuMDAwMCIsIlAiOiJXaW4zMiIsIkFOIjoiTWFpbCIsIldUIjoyfQ%3D%3D%7C0%7C%7C%7C&amp;sdata=G9jR4FT84DSbxYM0XQXYKcrZnlIaozmwDCxeNbHTvR4%3D&amp;reserved=0\">(21) 97205-2041<\/a>&nbsp;ou pelo Instagram&nbsp;<a rel=\"noreferrer noopener\" target=\"_blank\" href=\"https:\/\/na01.safelinks.protection.outlook.com\/?url=https%3A%2F%2Fwww.instagram.com%2Festacaojaqueira2020&amp;data=05%7C02%7C%7C995db03ffd954d5815e808dd3ae4afd0%7C84df9e7fe9f640afb435aaaaaaaaaaaa%7C1%7C0%7C638731476085635882%7CUnknown%7CTWFpbGZsb3d8eyJFbXB0eU1hcGkiOnRydWUsIlYiOiIwLjAuMDAwMCIsIlAiOiJXaW4zMiIsIkFOIjoiTWFpbCIsIldUIjoyfQ%3D%3D%7C0%7C%7C%7C&amp;sdata=0ZkeF0Z8Y8t4JzQRLYDhLoYbsHjUnnBFAXEuJn3x6RI%3D&amp;reserved=0\">@estacaojaqueira2020<\/a>.<\/p>\n\n\n\n<p>Al\u00e9m da oficina, os visitantes podem participar das visitas guiadas gratuitas \u00e0 exposi\u00e7\u00e3o, dispon\u00edveis at\u00e9 25 de maio, todos os s\u00e1bados, no mesmo hor\u00e1rio. A mostra re\u00fane obras de artistas vinculados \u00e0s APAEs de Bocaina de Minas e Liberdade, apresentando pinturas, desenhos e esculturas em t\u00e9cnicas variadas, promovendo um di\u00e1logo entre arte, educa\u00e7\u00e3o e inclus\u00e3o social.<\/p>\n\n\n\n<p><strong>Servi\u00e7o &#8211; Oficina gratuita de pintura em vidro na Esta\u00e7\u00e3o Jaqueira<\/strong><strong>Data:<\/strong>&nbsp;25 de janeiro (s\u00e1bado)<br><strong>Hor\u00e1rio:<\/strong>&nbsp;11h \u00e0s 13h<br><strong>Local:<\/strong>&nbsp;Esta\u00e7\u00e3o Jaqueira \u2013 Estrada Ministro Salgado Filho, 2781, Vale do Cuiab\u00e1, Petr\u00f3polis<br><strong>Inscri\u00e7\u00f5es:<\/strong>&nbsp;At\u00e9 esta sexta-feira (24), \u00e0s 16h, pelo WhatsApp&nbsp;<a rel=\"noreferrer noopener\" target=\"_blank\" href=\"https:\/\/na01.safelinks.protection.outlook.com\/?url=https%3A%2F%2Fw.app%2Festacaojaqueira2020&amp;data=05%7C02%7C%7C995db03ffd954d5815e808dd3ae4afd0%7C84df9e7fe9f640afb435aaaaaaaaaaaa%7C1%7C0%7C638731476085650504%7CUnknown%7CTWFpbGZsb3d8eyJFbXB0eU1hcGkiOnRydWUsIlYiOiIwLjAuMDAwMCIsIlAiOiJXaW4zMiIsIkFOIjoiTWFpbCIsIldUIjoyfQ%3D%3D%7C0%7C%7C%7C&amp;sdata=3TiWffmBOPH3tkHwxbUvQcyiD5pMcIHfKJdUWbZAYcs%3D&amp;reserved=0\">(21) 97205-2041<\/a>&nbsp;ou Instagram&nbsp;<a rel=\"noreferrer noopener\" target=\"_blank\" href=\"https:\/\/na01.safelinks.protection.outlook.com\/?url=https%3A%2F%2Fwww.instagram.com%2Festacaojaqueira2020&amp;data=05%7C02%7C%7C995db03ffd954d5815e808dd3ae4afd0%7C84df9e7fe9f640afb435aaaaaaaaaaaa%7C1%7C0%7C638731476085659514%7CUnknown%7CTWFpbGZsb3d8eyJFbXB0eU1hcGkiOnRydWUsIlYiOiIwLjAuMDAwMCIsIlAiOiJXaW4zMiIsIkFOIjoiTWFpbCIsIldUIjoyfQ%3D%3D%7C0%7C%7C%7C&amp;sdata=0DslSCYLMei5XsdarjkphAL19VBxjuXukufBSfrk45k%3D&amp;reserved=0\">@estacaojaqueira2020<\/a>. Vagas limitadas.<br>Entrada gratuita<\/p>\n\n\n\n<p>Fotos: Divulga\u00e7\u00e3o<\/p>\n","protected":false},"excerpt":{"rendered":"<p>Neste s\u00e1bado, dia 25 de janeiro, das 11h \u00e0s 13h, a Esta\u00e7\u00e3o Jaqueira, localizada no<\/p>\n","protected":false},"author":2,"featured_media":97813,"comment_status":"open","ping_status":"open","sticky":false,"template":"","format":"standard","meta":{"footnotes":""},"categories":[12,1],"tags":[],"class_list":["post-97812","post","type-post","status-publish","format-standard","has-post-thumbnail","hentry","category-cidade","category-uncategorized"],"_links":{"self":[{"href":"https:\/\/tvc16.com\/portal\/wp-json\/wp\/v2\/posts\/97812","targetHints":{"allow":["GET"]}}],"collection":[{"href":"https:\/\/tvc16.com\/portal\/wp-json\/wp\/v2\/posts"}],"about":[{"href":"https:\/\/tvc16.com\/portal\/wp-json\/wp\/v2\/types\/post"}],"author":[{"embeddable":true,"href":"https:\/\/tvc16.com\/portal\/wp-json\/wp\/v2\/users\/2"}],"replies":[{"embeddable":true,"href":"https:\/\/tvc16.com\/portal\/wp-json\/wp\/v2\/comments?post=97812"}],"version-history":[{"count":1,"href":"https:\/\/tvc16.com\/portal\/wp-json\/wp\/v2\/posts\/97812\/revisions"}],"predecessor-version":[{"id":97814,"href":"https:\/\/tvc16.com\/portal\/wp-json\/wp\/v2\/posts\/97812\/revisions\/97814"}],"wp:featuredmedia":[{"embeddable":true,"href":"https:\/\/tvc16.com\/portal\/wp-json\/wp\/v2\/media\/97813"}],"wp:attachment":[{"href":"https:\/\/tvc16.com\/portal\/wp-json\/wp\/v2\/media?parent=97812"}],"wp:term":[{"taxonomy":"category","embeddable":true,"href":"https:\/\/tvc16.com\/portal\/wp-json\/wp\/v2\/categories?post=97812"},{"taxonomy":"post_tag","embeddable":true,"href":"https:\/\/tvc16.com\/portal\/wp-json\/wp\/v2\/tags?post=97812"}],"curies":[{"name":"wp","href":"https:\/\/api.w.org\/{rel}","templated":true}]}}