{"id":97815,"date":"2025-01-25T05:00:00","date_gmt":"2025-01-25T08:00:00","guid":{"rendered":"https:\/\/tvc16.com\/portal\/?p=97815"},"modified":"2025-01-22T16:15:29","modified_gmt":"2025-01-22T19:15:29","slug":"harmonia-ou-exagero-entenda-os-riscos-da-harmonizacao-facial-e-a-importancia-de-escolhas-conscientes","status":"publish","type":"post","link":"https:\/\/tvc16.com\/portal\/2025\/01\/25\/harmonia-ou-exagero-entenda-os-riscos-da-harmonizacao-facial-e-a-importancia-de-escolhas-conscientes\/","title":{"rendered":"Harmonia ou exagero? Entenda os riscos da harmoniza\u00e7\u00e3o facial e a import\u00e2ncia de escolhas conscientes"},"content":{"rendered":"\n<p>A harmoniza\u00e7\u00e3o facial tem conquistado muitos adeptos em busca de um rosto mais equilibrado e sim\u00e9trico, principalmente entre os famosos. Por\u00e9m, o que deveria ser um procedimento para valorizar tra\u00e7os naturais pode, em alguns casos, resultar em mudan\u00e7as dr\u00e1sticas e indesejadas na fisionomia.<\/p>\n\n\n\n<p>O fen\u00f4meno de &#8220;rostos transformados&#8221; tem gerado debates sobre os limites da est\u00e9tica e a import\u00e2ncia de realizar o procedimento com cautela e profissionais qualificados. \u201cA harmoniza\u00e7\u00e3o facial deve respeitar os tra\u00e7os naturais e a identidade \u00fanica de cada pessoa\u201d, alerta a cirurgi\u00e3-dentista Fl\u00e1via Rabello de Mattos, diretora do Centro Odontol\u00f3gico de Reabilita\u00e7\u00e3o Rabello, no Rio de Janeiro.<br><br><strong>Quando a harmoniza\u00e7\u00e3o deixa de ser harm\u00f4nica<br><\/strong><br>O objetivo principal da harmoniza\u00e7\u00e3o facial \u00e9 real\u00e7ar a beleza natural, promovendo ajustes sutis que respeitam a identidade facial de cada pessoa. No entanto, exageros na aplica\u00e7\u00e3o de preenchedores ou interven\u00e7\u00f5es repetitivas podem gerar resultados artificiais e uma apar\u00eancia desproporcional.<br>Entre os riscos mais frequentes de uma harmoniza\u00e7\u00e3o excessiva, est\u00e3o:<br>* Mudan\u00e7a radical na fisionomia: o rosto pode perder caracter\u00edsticas \u00fanicas, gerando uma &#8220;padroniza\u00e7\u00e3o&#8221; artificial.<br>* Aspecto exagerado ou artificial: o uso excessivo de preenchedores, especialmente no queixo, mand\u00edbula e ma\u00e7\u00e3s do rosto, pode levar a uma apar\u00eancia inchada ou r\u00edgida.<br>* Complica\u00e7\u00f5es est\u00e9ticas e funcionais: deformidades, assimetrias e at\u00e9 dificuldades em movimentos faciais podem ocorrer em procedimentos malconduzidos.<br><br><strong>A import\u00e2ncia do profissional qualificado<br><\/strong>Portanto, optar por um dentista especializado em harmoniza\u00e7\u00e3o facial \u00e9 essencial para evitar problemas. Dentistas t\u00eam conhecimento avan\u00e7ado da anatomia facial e passam por treinamentos espec\u00edficos para realizar o procedimento com seguran\u00e7a e precis\u00e3o.<\/p>\n\n\n\n<p>Mas \u00e9 importante se certificar que o dentista possui registro no Conselho Regional de Odontologia (CRO) e forma\u00e7\u00e3o espec\u00edfica em harmoniza\u00e7\u00e3o facial. \u201c\u00c9 fundamental que o profissional saiba reconhecer os limites entre o que \u00e9 esteticamente vi\u00e1vel e o que pode comprometer a naturalidade do rosto\u201d, destaca Fl\u00e1via.<\/p>\n\n\n\n<p>A cirurgi\u00e3-dentista faz um alerta sobre outros riscos de um procedimento inadequado: infec\u00e7\u00f5es e rejei\u00e7\u00e3o de materiais \u2014 quando realizados com produtos de baixa qualidade ou t\u00e9cnicas inapropriadas, os riscos de inflama\u00e7\u00f5es e rejei\u00e7\u00e3o aumentam; irreversibilidade \u2014 em alguns casos, as mudan\u00e7as no rosto podem ser dif\u00edceis ou imposs\u00edveis de serem revertidas; e impacto psicol\u00f3gico \u2014 transforma\u00e7\u00f5es radicais podem abalar a autoestima, especialmente quando os resultados fogem das expectativas.<\/p>\n","protected":false},"excerpt":{"rendered":"<p>A harmoniza\u00e7\u00e3o facial tem conquistado muitos adeptos em busca de um rosto mais equilibrado e<\/p>\n","protected":false},"author":2,"featured_media":97817,"comment_status":"open","ping_status":"open","sticky":false,"template":"","format":"standard","meta":{"footnotes":""},"categories":[17],"tags":[],"class_list":["post-97815","post","type-post","status-publish","format-standard","has-post-thumbnail","hentry","category-outras-noticias"],"_links":{"self":[{"href":"https:\/\/tvc16.com\/portal\/wp-json\/wp\/v2\/posts\/97815","targetHints":{"allow":["GET"]}}],"collection":[{"href":"https:\/\/tvc16.com\/portal\/wp-json\/wp\/v2\/posts"}],"about":[{"href":"https:\/\/tvc16.com\/portal\/wp-json\/wp\/v2\/types\/post"}],"author":[{"embeddable":true,"href":"https:\/\/tvc16.com\/portal\/wp-json\/wp\/v2\/users\/2"}],"replies":[{"embeddable":true,"href":"https:\/\/tvc16.com\/portal\/wp-json\/wp\/v2\/comments?post=97815"}],"version-history":[{"count":1,"href":"https:\/\/tvc16.com\/portal\/wp-json\/wp\/v2\/posts\/97815\/revisions"}],"predecessor-version":[{"id":97818,"href":"https:\/\/tvc16.com\/portal\/wp-json\/wp\/v2\/posts\/97815\/revisions\/97818"}],"wp:featuredmedia":[{"embeddable":true,"href":"https:\/\/tvc16.com\/portal\/wp-json\/wp\/v2\/media\/97817"}],"wp:attachment":[{"href":"https:\/\/tvc16.com\/portal\/wp-json\/wp\/v2\/media?parent=97815"}],"wp:term":[{"taxonomy":"category","embeddable":true,"href":"https:\/\/tvc16.com\/portal\/wp-json\/wp\/v2\/categories?post=97815"},{"taxonomy":"post_tag","embeddable":true,"href":"https:\/\/tvc16.com\/portal\/wp-json\/wp\/v2\/tags?post=97815"}],"curies":[{"name":"wp","href":"https:\/\/api.w.org\/{rel}","templated":true}]}}