{"id":97831,"date":"2025-01-22T15:41:48","date_gmt":"2025-01-22T18:41:48","guid":{"rendered":"https:\/\/tvc16.com\/portal\/?p=97831"},"modified":"2025-01-22T15:54:19","modified_gmt":"2025-01-22T18:54:19","slug":"operacao-em-tres-rios-prende-quatro-pessoas-por-comercializar-carnes-estragadas-nas-enchentes-no-rio-grande-do-sul","status":"publish","type":"post","link":"https:\/\/tvc16.com\/portal\/2025\/01\/22\/operacao-em-tres-rios-prende-quatro-pessoas-por-comercializar-carnes-estragadas-nas-enchentes-no-rio-grande-do-sul\/","title":{"rendered":"Opera\u00e7\u00e3o em Tr\u00eas Rios prende quatro pessoas por comercializar carnes estragadas nas enchentes no Rio Grande do Sul"},"content":{"rendered":"\n<p><em>Segundo a Pol\u00edcia Civil, grupo criminoso adquiriu 800 toneladas de carne bovina, que ficaram submersas por dias em Porto Alegre<\/em><\/p>\n\n\n\n<p>Policiais Civis da Delegacia do Consumidor (Decon) prenderam, nesta quarta-feira (22), quatro pessoas acusadas&nbsp;de comercializar carne impr\u00f3pria para o consumo em Tr\u00eas Rios. Segundo informa\u00e7\u00f5es da &#8220;Opera\u00e7\u00e3o Carne Fraca&#8221;, a empresa Tem Di Tudo Salvados adquiriu 800 toneladas de carne bovina estragada, que ficou submersa por muitos dias nas enchentes de Porto Alegre, no Rio Grande do Sul (RS), em 2024. De acordo com a Pol\u00edcia, a empresa \u00e9 autorizada a realizar o reaproveitamento de produtos vencidos, e teria alegado aos produtores ga\u00fachos que transformaria o conte\u00fado em ra\u00e7\u00e3o animal. Entretanto, investiga\u00e7\u00f5es da Decon apontaram que as carnes estavam sendo vendidas para a\u00e7ougues e mercados.<\/p>\n\n\n\n<p>Entre os presos desta quarta, est\u00e1 um dos donos da empresa, Almir Jorge Lu\u00eds da Silva. Em entrevista coletiva \u00e0 imprensa, o delegado Wellington Vieira afirmou que as carnes totalmente deterioradas foram revendidas como se fossem carnes pr\u00f3prias para consumo. \u201cEla j\u00e1 foi transportada para diversos outros compradores, que n\u00e3o sabiam da proced\u00eancia. Foram 32 carretas que sa\u00edram do sul para diversos destinos do Brasil. H\u00e1 informa\u00e7\u00f5es de que aquela deteriora\u00e7\u00e3o causada pela lama e pela \u00e1gua foram maquiadas pela empresa\u201d, afirmou o delegado.<\/p>\n\n\n\n<p>De acordo com as investiga\u00e7\u00f5es, que contaram com o apoio da Decon do Rio Grande do Sul, o grupo vendeu a carne para outras empresas, obtendo lucro de mais de 1.000%. \u201cPor enquanto eles v\u00e3o responder por venda e estocagem de mercadoria impr\u00f3pria para consumo e por associa\u00e7\u00e3o criminosa. Mas a gente n\u00e3o descarta os crimes de recepta\u00e7\u00e3o qualificada e tamb\u00e9m de lavagem de dinheiro\u201d, finalizou Wellington.<\/p>\n\n\n\n<p>Segundo informa\u00e7\u00f5es do delegado, o valor das carnes em estado pr\u00f3prio para consumo est\u00e1 avaliado em R$ 5 milh\u00f5es, entretanto a empresa teria comprado por R$ 80 mil ap\u00f3s elas terem sido atingidas pelas enchentes no RS. Tamb\u00e9m foi informado que as investiga\u00e7\u00f5es come\u00e7aram depois que a empresa ga\u00facha, que produziu a mercadoria, identificou que o lote das carnes vencidas vendido \u00e0 empresa Tem Di Tudo Salvados, estava sendo comercializado em outros estabelecimentos como se fosse carne pr\u00f3pria para consumo.<\/p>\n\n\n\n<p>A equipe do jornal Correio Petropolitano tentou contato com a empresa, entretanto, n\u00e3o obtivemos resposta at\u00e9 o fechamento da mat\u00e9ria.<\/p>\n\n\n\n<p>Por Gabriel Rattes\/ Foto: Pol\u00edcia Civil RJ\/Divulga\u00e7\u00e3o<\/p>\n","protected":false},"excerpt":{"rendered":"<p>Segundo a Pol\u00edcia Civil, grupo criminoso adquiriu 800 toneladas de carne bovina, que ficaram submersas<\/p>\n","protected":false},"author":2,"featured_media":97832,"comment_status":"open","ping_status":"open","sticky":false,"template":"","format":"standard","meta":{"footnotes":""},"categories":[17],"tags":[],"class_list":["post-97831","post","type-post","status-publish","format-standard","has-post-thumbnail","hentry","category-outras-noticias"],"_links":{"self":[{"href":"https:\/\/tvc16.com\/portal\/wp-json\/wp\/v2\/posts\/97831","targetHints":{"allow":["GET"]}}],"collection":[{"href":"https:\/\/tvc16.com\/portal\/wp-json\/wp\/v2\/posts"}],"about":[{"href":"https:\/\/tvc16.com\/portal\/wp-json\/wp\/v2\/types\/post"}],"author":[{"embeddable":true,"href":"https:\/\/tvc16.com\/portal\/wp-json\/wp\/v2\/users\/2"}],"replies":[{"embeddable":true,"href":"https:\/\/tvc16.com\/portal\/wp-json\/wp\/v2\/comments?post=97831"}],"version-history":[{"count":3,"href":"https:\/\/tvc16.com\/portal\/wp-json\/wp\/v2\/posts\/97831\/revisions"}],"predecessor-version":[{"id":97836,"href":"https:\/\/tvc16.com\/portal\/wp-json\/wp\/v2\/posts\/97831\/revisions\/97836"}],"wp:featuredmedia":[{"embeddable":true,"href":"https:\/\/tvc16.com\/portal\/wp-json\/wp\/v2\/media\/97832"}],"wp:attachment":[{"href":"https:\/\/tvc16.com\/portal\/wp-json\/wp\/v2\/media?parent=97831"}],"wp:term":[{"taxonomy":"category","embeddable":true,"href":"https:\/\/tvc16.com\/portal\/wp-json\/wp\/v2\/categories?post=97831"},{"taxonomy":"post_tag","embeddable":true,"href":"https:\/\/tvc16.com\/portal\/wp-json\/wp\/v2\/tags?post=97831"}],"curies":[{"name":"wp","href":"https:\/\/api.w.org\/{rel}","templated":true}]}}