{"id":97840,"date":"2025-01-26T05:00:00","date_gmt":"2025-01-26T08:00:00","guid":{"rendered":"https:\/\/tvc16.com\/portal\/?p=97840"},"modified":"2025-01-22T16:11:29","modified_gmt":"2025-01-22T19:11:29","slug":"entenda-o-que-sao-sorotipos-da-dengue-e-por-que-o-tipo-3-preocupa","status":"publish","type":"post","link":"https:\/\/tvc16.com\/portal\/2025\/01\/26\/entenda-o-que-sao-sorotipos-da-dengue-e-por-que-o-tipo-3-preocupa\/","title":{"rendered":"Entenda o que s\u00e3o sorotipos da dengue e por que o tipo 3 preocupa"},"content":{"rendered":"\n<p>A dengue \u00e9 uma doen\u00e7a viral transmitida pelo mosquito&nbsp;<em>Aedes aegypti<\/em>&nbsp;que afeta milh\u00f5es de pessoas no mundo \u2013 sobretudo em pa\u00edses tropicais como o Brasil. O v\u00edrus pertence \u00e0 fam\u00edlia dos flaviv\u00edrus e possui quatro sorotipos: DENV-1, DENV-2, DENV-3 e DENV-4. Cada um deles, segundo o Minist\u00e9rio da Sa\u00fade, pode causar desde infec\u00e7\u00f5es assintom\u00e1ticas at\u00e9 quadros graves da doen\u00e7a.<img decoding=\"async\" src=\"https:\/\/agenciabrasil.ebc.com.br\/ebc.png?id=1627504&amp;o=node\"><img decoding=\"async\" src=\"https:\/\/agenciabrasil.ebc.com.br\/ebc.gif?id=1627504&amp;o=node\"><\/p>\n\n\n\n<p>\u201cOs quatro sorotipos s\u00e3o suficientemente distintos para que uma infec\u00e7\u00e3o por um deles n\u00e3o ofere\u00e7a imunidade contra os outros\u201d, destacou o minist\u00e9rio. \u201cIsso significa que uma pessoa pode ser infectada at\u00e9 quatro vezes.\u201d&nbsp;A pasta alerta que, enquanto a infec\u00e7\u00e3o por um sorotipo tem efeito protetor permanente contra ele e efeito protetor tempor\u00e1rio contra os outros, infec\u00e7\u00f5es consecutivas aumentam o risco de formas mais graves da doen\u00e7a.<\/p>\n\n\n\n<h2 class=\"wp-block-heading\">Sorotipo 3<\/h2>\n\n\n\n<p>O DENV-3 vem sendo detectado recentemente em meio a testes positivos para dengue \u2013 sobretudo em S\u00e3o Paulo, Minas Gerais, no Amap\u00e1 e no Paran\u00e1. A amplia\u00e7\u00e3o, segundo o minist\u00e9rio, foi registrada sobretudo nas \u00faltimas semanas de dezembro. O cen\u00e1rio preocupa autoridades sanit\u00e1rias, j\u00e1 que o sorotipo n\u00e3o circula de forma predominante no pa\u00eds desde 2008, e grande parte da popula\u00e7\u00e3o est\u00e1 suscet\u00edvel a ele.<\/p>\n\n\n\n<p>\u201cO DENV-3 \u00e9 considerado um dos sorotipos mais virulentos do v\u00edrus da dengue, ou seja, tem maior potencial de causar formas graves da doen\u00e7a. Estudos indicam que, ap\u00f3s a segunda infec\u00e7\u00e3o por qualquer sorotipo, h\u00e1 uma predisposi\u00e7\u00e3o para quadros mais graves, independentemente da sequ\u00eancia dos sorotipos envolvidos. No entanto, os sorotipos 2 e 3 s\u00e3o frequentemente associados a manifesta\u00e7\u00f5es mais severas.\u201d<\/p>\n\n\n\n<p>Ainda de acordo com a pasta, a introdu\u00e7\u00e3o de um novo sorotipo em uma popula\u00e7\u00e3o previamente exposta a outros sorotipos de dengue pode levar a um cen\u00e1rio de \u201cepidemias significativas\u201d. O aumento da incid\u00eancia de dengue registrado entre 2000 e 2002, por exemplo, foi associado \u00e0 introdu\u00e7\u00e3o do DENV-3. Ao longo de 2024, o sorotipo predominante no Brasil foi o 1, identificado em 73,4% das amostras.<\/p>\n\n\n\n<h2 class=\"wp-block-heading\">Preven\u00e7\u00e3o e cuidados<\/h2>\n\n\n\n<p>\u201cDiante da circula\u00e7\u00e3o dos quatro sorotipos no pa\u00eds, \u00e9 fundamental intensificar as medidas de preven\u00e7\u00e3o, especialmente no controle ao mosquito transmissor. Eliminar focos de \u00e1gua parada, utilizar repelentes e instalar telas de prote\u00e7\u00e3o s\u00e3o algumas das a\u00e7\u00f5es recomendadas\u201d, destaca o minist\u00e9rio.<\/p>\n\n\n\n<p>Outro alerta da pasta diz respeito aos sintomas. \u201c\u00c9 importante estar atento aos sintomas da dengue e procurar assist\u00eancia m\u00e9dica imediata em caso de suspeita, especialmente se houver sinais de alarme, como dor abdominal intensa, v\u00f4mitos persistentes e sangramentos. A vigil\u00e2ncia constante e a ado\u00e7\u00e3o de medidas preventivas s\u00e3o essenciais para controlar a dissemina\u00e7\u00e3o da dengue e minimizar os riscos associados aos seus diferentes sorotipos, especialmente o DENV-3.\u201d<\/p>\n\n\n\n<h2 class=\"wp-block-heading\">Campanha<\/h2>\n\n\n\n<p>Com mais de 93 mil casos prov\u00e1veis de dengue, al\u00e9m de 11 mortes causadas pela doen\u00e7a confirmadas e 104 em investiga\u00e7\u00e3o apenas nas primeiras semanas de 2025, o minist\u00e9rio intensificou a&nbsp;<a href=\"https:\/\/agenciabrasil.ebc.com.br\/saude\/noticia\/2025-01\/saude-intensifica-campanha-e-alerta-sobre-sintomas-de-arboviroses\" target=\"_blank\" rel=\"noreferrer noopener\">campanha de conscientiza\u00e7\u00e3o e combate \u00e0s arboviroses<\/a>&nbsp;\u2013 sobretudo em estados com tend\u00eancia de aumento de casos n\u00e3o apenas de dengue, mas tamb\u00e9m de zika e chikungunya.<\/p>\n\n\n\n<p>O foco da campanha est\u00e1 nos sintomas das doen\u00e7as, incentivando a busca por unidades b\u00e1sicas de sa\u00fade (UBS) diante de sinais como manchas vermelhas no corpo, febre, dores de cabe\u00e7a e dores atr\u00e1s dos olhos. A iniciativa, segundo a pasta, \u00e9 direcionada \u00e0s seguintes unidades federativas: Acre, Esp\u00edrito Santo, S\u00e3o Paulo, Rio de Janeiro, Paran\u00e1, Santa Catarina, Minas Gerais, Mato Grosso, Goi\u00e1s, Tocantins e Distrito Federal.<\/p>\n\n\n\n<p>O minist\u00e9rio refor\u00e7a&nbsp;ainda a import\u00e2ncia da vacina\u00e7\u00e3o contra a dengue como estrat\u00e9gia preventiva, \u201cembora a disponibilidade de doses ainda dependa do fornecimento pelos fabricantes\u201d. Atualmente, o imunizante Qdenga est\u00e1 dispon\u00edvel no Sistema \u00danico de Sa\u00fade (SUS) apenas para crian\u00e7as e adolescentes com idade entre 10 e 14 anos.<\/p>\n\n\n\n<h2 class=\"wp-block-heading\">Centro de Opera\u00e7\u00f5es de Emerg\u00eancia<\/h2>\n\n\n\n<p>No in\u00edcio do ano, a ministra da Sa\u00fade, N\u00edsia Trindade, instalou o&nbsp;<a href=\"https:\/\/agenciabrasil.ebc.com.br\/saude\/noticia\/2024-02\/saude-anuncia-centro-de-emergencia-para-conter-epidemia-de-dengue\" target=\"_blank\" rel=\"noreferrer noopener\">Centro de Opera\u00e7\u00f5es de Emerg\u00eancias em Sa\u00fade P\u00fablica para Dengue e outras Arboviroses (COE Dengue)<\/a>. A ideia \u00e9 coordenar o planejamento e a reposta por meio do di\u00e1logo constante com estados, munic\u00edpios, pesquisadores e institui\u00e7\u00f5es cient\u00edficas, al\u00e9m de outras pastas.<\/p>\n\n\n\n<p>Entre as a\u00e7\u00f5es previstas est\u00e3o se antecipar ao per\u00edodo sazonal da dengue para adequar as redes de sa\u00fade; mitigar riscos para evitar casos e \u00f3bitos; ampliar medidas preventivas para melhor preparar estados e munic\u00edpios, al\u00e9m de uma articula\u00e7\u00e3o nacional para resposta a eventuais situa\u00e7\u00f5es classificadas como cr\u00edticas.<\/p>\n\n\n\n<p>Dados da pasta indicam que, para 2025, h\u00e1 previs\u00e3o de aumento na incid\u00eancia de casos de dengue em pelo menos seis estados brasileiros: S\u00e3o Paulo, Rio de Janeiro, Esp\u00edrito Santo, Tocantins, Mato Grosso do Sul e Paran\u00e1. Todos eles, segundo o minist\u00e9rio, est\u00e3o sendo monitorados \u201cainda mais de perto\u201d.<\/p>\n\n\n\n<h2 class=\"wp-block-heading\">Reuni\u00e3o<\/h2>\n\n\n\n<p>Nesta quarta-feira (22), a ministra N\u00edsia Trindade se re\u00fane com representantes de conselhos, sociedade civil, sindicatos, federa\u00e7\u00f5es, institui\u00e7\u00f5es de sa\u00fade, associa\u00e7\u00f5es e especialistas no intuito de alinhar estrat\u00e9gias e a\u00e7\u00f5es de controle da dengue e outras arboviroses. \u201cA reuni\u00e3o \u00e9 mais uma medida do Minist\u00e9rio da Sa\u00fade \u2013 por meio do COE Dengue \u2013 para articula\u00e7\u00e3o conjunta de a\u00e7\u00f5es estrat\u00e9gicas e monitoramento do cen\u00e1rio epidemiol\u00f3gico em todo o pa\u00eds\u201d, informou o minist\u00e9rio. Est\u00e3o previstas as seguintes participa\u00e7\u00f5es:<\/p>\n\n\n\n<p>* Conselho Federal de Medicina;<br>* Conselho Federal de Enfermagem;<br>* Conselho Federal de Farm\u00e1cia;<br>* Conselho Federal de Fisioterapia e Terapia Ocupacional;<br>* Conselho Federal de Medicina Veterin\u00e1ria;<br>* Conselho Federal de Psicologia;<br>* Central \u00danica dos Trabalhadores;<br>* Central \u00danica das Favelas;<br>* Sindicato Nacional dos Docentes das Institui\u00e7\u00f5es de Ensino Superior;<br>* Federa\u00e7\u00e3o de Sindicatos de Trabalhadores T\u00e9cnico-Administrativos em Institui\u00e7\u00f5es de Ensino Superior P\u00fablicas do Brasil;<br>* Uni\u00e3o Nacional dos Estudantes;<br>* Federa\u00e7\u00e3o Brasileira das Associa\u00e7\u00f5es de Ginecologia e Obstetr\u00edcia;<br>* Instituto Todos Pela Sa\u00fade;<br>* Associa\u00e7\u00e3o Brasileira de Munic\u00edpios;<br>* Associa\u00e7\u00e3o Nacional dos Prefeitos e Vice-Prefeitos;<br>* Frente Nacional de Prefeitas e Prefeitos;<br>* Servi\u00e7o Social do Com\u00e9rcio;<br>* Servi\u00e7o Social da Ind\u00fastria;<br>* Servi\u00e7o Nacional de Aprendizagem Industrial;<br>* Federa\u00e7\u00e3o Nacional de Jornalistas;<br>* Central Nacional Unimed;<br>* Central Geral dos Trabalhadores do Brasil;<br>* Uni\u00e3o Brasileira dos Estudantes Secundaristas;<br>* Sindicato Nacional dos Servidores Federais da Educa\u00e7\u00e3o B\u00e1sica, Profissional e Tecnol\u00f3gica;<br>* Conselho Nacional das Institui\u00e7\u00f5es da Rede Federal de Educa\u00e7\u00e3o Profissional, Cient\u00edfica e Tecnol\u00f3gica;<br>* \u2060Confedera\u00e7\u00e3o Nacional de Munic\u00edpios.<\/p>\n\n\n\n<p>Paula Laboissi\u00e8re \u2013 Rep\u00f3rter da Ag\u00eancia Brasil<br>Foto: \u00a9 Fabio Rodrigues-Pozzebom\/ Ag\u00eancia Brasil<br><\/p>\n","protected":false},"excerpt":{"rendered":"<p>A dengue \u00e9 uma doen\u00e7a viral transmitida pelo mosquito&nbsp;Aedes aegypti&nbsp;que afeta milh\u00f5es de pessoas no<\/p>\n","protected":false},"author":2,"featured_media":97841,"comment_status":"open","ping_status":"open","sticky":false,"template":"","format":"standard","meta":{"footnotes":""},"categories":[17],"tags":[],"class_list":["post-97840","post","type-post","status-publish","format-standard","has-post-thumbnail","hentry","category-outras-noticias"],"_links":{"self":[{"href":"https:\/\/tvc16.com\/portal\/wp-json\/wp\/v2\/posts\/97840","targetHints":{"allow":["GET"]}}],"collection":[{"href":"https:\/\/tvc16.com\/portal\/wp-json\/wp\/v2\/posts"}],"about":[{"href":"https:\/\/tvc16.com\/portal\/wp-json\/wp\/v2\/types\/post"}],"author":[{"embeddable":true,"href":"https:\/\/tvc16.com\/portal\/wp-json\/wp\/v2\/users\/2"}],"replies":[{"embeddable":true,"href":"https:\/\/tvc16.com\/portal\/wp-json\/wp\/v2\/comments?post=97840"}],"version-history":[{"count":1,"href":"https:\/\/tvc16.com\/portal\/wp-json\/wp\/v2\/posts\/97840\/revisions"}],"predecessor-version":[{"id":97842,"href":"https:\/\/tvc16.com\/portal\/wp-json\/wp\/v2\/posts\/97840\/revisions\/97842"}],"wp:featuredmedia":[{"embeddable":true,"href":"https:\/\/tvc16.com\/portal\/wp-json\/wp\/v2\/media\/97841"}],"wp:attachment":[{"href":"https:\/\/tvc16.com\/portal\/wp-json\/wp\/v2\/media?parent=97840"}],"wp:term":[{"taxonomy":"category","embeddable":true,"href":"https:\/\/tvc16.com\/portal\/wp-json\/wp\/v2\/categories?post=97840"},{"taxonomy":"post_tag","embeddable":true,"href":"https:\/\/tvc16.com\/portal\/wp-json\/wp\/v2\/tags?post=97840"}],"curies":[{"name":"wp","href":"https:\/\/api.w.org\/{rel}","templated":true}]}}