{"id":97862,"date":"2025-01-23T10:47:17","date_gmt":"2025-01-23T13:47:17","guid":{"rendered":"https:\/\/tvc16.com\/portal\/?p=97862"},"modified":"2025-01-23T10:47:23","modified_gmt":"2025-01-23T13:47:23","slug":"policia-civil-deflagra-segunda-fase-de-operacao-contra-criminosos-que-promovem-confronto-por-disputa-territorial-na-regiao-serrana","status":"publish","type":"post","link":"https:\/\/tvc16.com\/portal\/2025\/01\/23\/policia-civil-deflagra-segunda-fase-de-operacao-contra-criminosos-que-promovem-confronto-por-disputa-territorial-na-regiao-serrana\/","title":{"rendered":"Pol\u00edcia Civil deflagra segunda fase de opera\u00e7\u00e3o contra criminosos que promovem confronto por disputa territorial na Regi\u00e3o Serrana"},"content":{"rendered":"\n<p>Policiais civis da 110\u00aa DP (Teres\u00f3polis), com apoio de policiais militares e guardas municipais de Teres\u00f3polis, deflagraram, nesta quinta-feira (23\/01), a segunda fase da \u201cOpera\u00e7\u00e3o Navalha\u201d, na Regi\u00e3o Serrana. A a\u00e7\u00e3o tem como objetivo o cumprimento de mandados de pris\u00e3o e, at\u00e9 o momento, quatro pessoas foram capturadas.<\/p>\n\n\n\n<p>As investiga\u00e7\u00f5es apontam que os criminosos v\u00eam impondo uma verdadeira rotina de terror aos moradores daquela regi\u00e3o. O grupo pratica homic\u00eddios, extors\u00e3o qualificada e roubos, al\u00e9m de buscar a expans\u00e3o das \u00e1reas de atua\u00e7\u00e3o da fac\u00e7\u00e3o. Para isso, a quadrilha vem travando confrontos contra a organiza\u00e7\u00e3o criminosa rival.<\/p>\n\n\n\n<p>Na primeira fase da opera\u00e7\u00e3o, no in\u00edcio de janeiro, a Pol\u00edcia Civil identificou e representou pela pris\u00e3o dos envolvidos, tendo capturado parte deles. As dilig\u00eancias prosseguem com intuito de localizar e prender os demais criminosos.<\/p>\n","protected":false},"excerpt":{"rendered":"<p>Policiais civis da 110\u00aa DP (Teres\u00f3polis), com apoio de policiais militares e guardas municipais de<\/p>\n","protected":false},"author":2,"featured_media":96130,"comment_status":"open","ping_status":"open","sticky":false,"template":"","format":"standard","meta":{"footnotes":""},"categories":[17],"tags":[],"class_list":["post-97862","post","type-post","status-publish","format-standard","has-post-thumbnail","hentry","category-outras-noticias"],"_links":{"self":[{"href":"https:\/\/tvc16.com\/portal\/wp-json\/wp\/v2\/posts\/97862","targetHints":{"allow":["GET"]}}],"collection":[{"href":"https:\/\/tvc16.com\/portal\/wp-json\/wp\/v2\/posts"}],"about":[{"href":"https:\/\/tvc16.com\/portal\/wp-json\/wp\/v2\/types\/post"}],"author":[{"embeddable":true,"href":"https:\/\/tvc16.com\/portal\/wp-json\/wp\/v2\/users\/2"}],"replies":[{"embeddable":true,"href":"https:\/\/tvc16.com\/portal\/wp-json\/wp\/v2\/comments?post=97862"}],"version-history":[{"count":1,"href":"https:\/\/tvc16.com\/portal\/wp-json\/wp\/v2\/posts\/97862\/revisions"}],"predecessor-version":[{"id":97863,"href":"https:\/\/tvc16.com\/portal\/wp-json\/wp\/v2\/posts\/97862\/revisions\/97863"}],"wp:featuredmedia":[{"embeddable":true,"href":"https:\/\/tvc16.com\/portal\/wp-json\/wp\/v2\/media\/96130"}],"wp:attachment":[{"href":"https:\/\/tvc16.com\/portal\/wp-json\/wp\/v2\/media?parent=97862"}],"wp:term":[{"taxonomy":"category","embeddable":true,"href":"https:\/\/tvc16.com\/portal\/wp-json\/wp\/v2\/categories?post=97862"},{"taxonomy":"post_tag","embeddable":true,"href":"https:\/\/tvc16.com\/portal\/wp-json\/wp\/v2\/tags?post=97862"}],"curies":[{"name":"wp","href":"https:\/\/api.w.org\/{rel}","templated":true}]}}