{"id":97866,"date":"2025-01-24T05:40:00","date_gmt":"2025-01-24T08:40:00","guid":{"rendered":"https:\/\/tvc16.com\/portal\/?p=97866"},"modified":"2025-01-26T10:04:45","modified_gmt":"2025-01-26T13:04:45","slug":"setor-de-maquinas-de-construcao-tem-alta-de-222-nas-vendas-em-2024","status":"publish","type":"post","link":"https:\/\/tvc16.com\/portal\/2025\/01\/24\/setor-de-maquinas-de-construcao-tem-alta-de-222-nas-vendas-em-2024\/","title":{"rendered":"Setor de m\u00e1quinas de constru\u00e7\u00e3o tem alta de 22,2% nas vendas em 2024"},"content":{"rendered":"\n<p><em>A informa\u00e7\u00e3o foi divulgada nesta quinta-feira pela Anfavea<\/em><\/p>\n\n\n\n<p>Por Fl\u00e1via Albuquerque &#8211; Rep\u00f3rter da Ag\u00eancia Brasil <\/p>\n\n\n\n<p><\/p>\n\n\n\n<p>As vendas no atacado do setor de m\u00e1quinas de constru\u00e7\u00e3o cresceram 22,4% em 2024 ao fechar o ano com 37.148 unidades comercializadas. Esse foi o segundo melhor per\u00edodo do segmento, segundo a Associa\u00e7\u00e3o Nacional dos Fabricantes de Ve\u00edculos Automotores (Anfavea), que projeta alta de 3% nas vendas para o ano de 2025. \u00c1rea engloba tratores de esteira, retroescavadeiras, p\u00e1s carregadeiras, escavadeiras hidr\u00e1ulicas, motoniveladoras, rolos compactadores, mini carregadeiras e manipuladores telesc\u00f3picos.<img decoding=\"async\" src=\"https:\/\/agenciabrasil.ebc.com.br\/ebc.png?id=1627643&amp;o=node\"><img decoding=\"async\" src=\"https:\/\/agenciabrasil.ebc.com.br\/ebc.gif?id=1627643&amp;o=node\"><\/p>\n\n\n\n<p>De acordo com o balan\u00e7o da entidade, o crescimento de vendas de m\u00e1quinas, teve participa\u00e7\u00e3o nas vendas, com aumento de 37% para 42%, puxado pela constru\u00e7\u00e3o civil. As exporta\u00e7\u00f5es ca\u00edram 12,5%, com 4.538 unidades. A expectativa para 2025 \u00e9 que se mantenha o volume.<\/p>\n\n\n\n<p>O setor de m\u00e1quinas agr\u00edcolas teve queda de 20% nas vendas com rela\u00e7\u00e3o a 2023, ao chegar nas 48,9 mil unidades comercializadas no atacado. A queda foi puxada principalmente pelas colheitadeiras. As exporta\u00e7\u00f5es de m\u00e1quinas agr\u00edcolas tiveram queda de 31%, com envios de 6 mil unidades, e dever\u00e3o crescer apenas 1% pelas proje\u00e7\u00f5es da entidade.<\/p>\n\n\n\n<h2 class=\"wp-block-heading\">Importa\u00e7\u00f5es<\/h2>\n\n\n\n<p>Segundo a Anfavea, aten\u00e7\u00e3o no momento est\u00e1 voltada para as importa\u00e7\u00f5es, j\u00e1 que se crescimento acentuado dobrou o d\u00e9ficit na balan\u00e7a comercial em 2024, com mais de 55% das m\u00e1quinas importadas vindo da China e 26% da \u00cdndia. A participa\u00e7\u00e3o da China na importa\u00e7\u00e3o de m\u00e1quinas nas Am\u00e9ricas dobrou em 2024 de 20,7% para 43% em de constru\u00e7\u00e3o e de 7,7% para 12,7% em agr\u00edcolas.<\/p>\n\n\n\n<p>\u201cNos causa grande preocupa\u00e7\u00e3o o aumento da participa\u00e7\u00e3o das m\u00e1quinas importadas nas compras p\u00fablicas, com destaque para as empresas com menos de 20 empregados. Estamos levando ao poder p\u00fablico essa quest\u00e3o que prejudica o n\u00edvel de emprego no Brasil, a competitividade das nossas empresas, a inova\u00e7\u00e3o e at\u00e9 o atendimento dos clientes, que no final do processo sofrem com falta de uma rede confi\u00e1vel para assist\u00eancia t\u00e9cnica. O resumo \u00e9 que todos no pa\u00eds saem perdendo\u201d, avaliou o presidente da Anfavea, M\u00e1rcio de Lima Leite.<\/p>\n","protected":false},"excerpt":{"rendered":"<p>A informa\u00e7\u00e3o foi divulgada nesta quinta-feira pela Anfavea Por Fl\u00e1via Albuquerque &#8211; Rep\u00f3rter da Ag\u00eancia<\/p>\n","protected":false},"author":2,"featured_media":87929,"comment_status":"open","ping_status":"open","sticky":false,"template":"","format":"standard","meta":{"footnotes":""},"categories":[17,1],"tags":[],"class_list":["post-97866","post","type-post","status-publish","format-standard","has-post-thumbnail","hentry","category-outras-noticias","category-uncategorized"],"_links":{"self":[{"href":"https:\/\/tvc16.com\/portal\/wp-json\/wp\/v2\/posts\/97866","targetHints":{"allow":["GET"]}}],"collection":[{"href":"https:\/\/tvc16.com\/portal\/wp-json\/wp\/v2\/posts"}],"about":[{"href":"https:\/\/tvc16.com\/portal\/wp-json\/wp\/v2\/types\/post"}],"author":[{"embeddable":true,"href":"https:\/\/tvc16.com\/portal\/wp-json\/wp\/v2\/users\/2"}],"replies":[{"embeddable":true,"href":"https:\/\/tvc16.com\/portal\/wp-json\/wp\/v2\/comments?post=97866"}],"version-history":[{"count":1,"href":"https:\/\/tvc16.com\/portal\/wp-json\/wp\/v2\/posts\/97866\/revisions"}],"predecessor-version":[{"id":97867,"href":"https:\/\/tvc16.com\/portal\/wp-json\/wp\/v2\/posts\/97866\/revisions\/97867"}],"wp:featuredmedia":[{"embeddable":true,"href":"https:\/\/tvc16.com\/portal\/wp-json\/wp\/v2\/media\/87929"}],"wp:attachment":[{"href":"https:\/\/tvc16.com\/portal\/wp-json\/wp\/v2\/media?parent=97866"}],"wp:term":[{"taxonomy":"category","embeddable":true,"href":"https:\/\/tvc16.com\/portal\/wp-json\/wp\/v2\/categories?post=97866"},{"taxonomy":"post_tag","embeddable":true,"href":"https:\/\/tvc16.com\/portal\/wp-json\/wp\/v2\/tags?post=97866"}],"curies":[{"name":"wp","href":"https:\/\/api.w.org\/{rel}","templated":true}]}}