{"id":97868,"date":"2025-01-23T14:10:48","date_gmt":"2025-01-23T17:10:48","guid":{"rendered":"https:\/\/tvc16.com\/portal\/?p=97868"},"modified":"2025-01-23T14:10:50","modified_gmt":"2025-01-23T17:10:50","slug":"dnit-conclui-retirada-de-veiculos-da-ponte-juscelino-kubitschek","status":"publish","type":"post","link":"https:\/\/tvc16.com\/portal\/2025\/01\/23\/dnit-conclui-retirada-de-veiculos-da-ponte-juscelino-kubitschek\/","title":{"rendered":"Dnit conclui retirada de ve\u00edculos da\u00a0ponte Juscelino Kubitschek"},"content":{"rendered":"\n<p><em>Ve\u00edculos ficaram presos na estrutura da ponte que caiu no TO<\/em><\/p>\n\n\n\n<p>Por Luciano Nascimento &#8211; Rep\u00f3rter da Ag\u00eancia Brasil \/ Foto: Prefeitura de Estreito\/Divulga\u00e7\u00e3o<\/p>\n\n\n\n<p><\/p>\n\n\n\n<p>O Departamento Nacional de Infraestrutura de Transportes (Dnit) concluiu no final da manh\u00e3 de hoje (23) os trabalhos para a retirada dos ve\u00edculos que permaneceram nos restos da estrutura remanescente da Ponte Juscelino Kubitschek, na BR-226, entre as cidades de Estreito (MA) e Aguiarn\u00f3polis (TO).<img decoding=\"async\" src=\"https:\/\/agenciabrasil.ebc.com.br\/ebc.png?id=1627647&amp;o=node\"><img decoding=\"async\" src=\"https:\/\/agenciabrasil.ebc.com.br\/ebc.gif?id=1627647&amp;o=node\"><\/p>\n\n\n\n<p>Os<a href=\"https:\/\/agenciabrasil.ebc.com.br\/geral\/noticia\/2025-01\/dnit-inicia-retirada-de-veiculos-da-ponte-juscelino-kubitschek\" target=\"_blank\" rel=\"noreferrer noopener\">&nbsp;trabalhos para a retirada dos ve\u00edculos<\/a>&nbsp;tiveram in\u00edcio na ter\u00e7a-feira (21). Segundo a autarquia, a retirada foi poss\u00edvel ap\u00f3s a execu\u00e7\u00e3o dos servi\u00e7os preliminares na estrutura remanescente, como aterro do encabe\u00e7amento da ponte e uso de CBUQ para viabilizar a passagem ve\u00edculos.<\/p>\n\n\n\n<p>Com a remo\u00e7\u00e3o, o DNIT informou que come\u00e7aram as primeiras a\u00e7\u00f5es para realizar a demoli\u00e7\u00e3o da estrutura remanescente da ponte.&nbsp;<\/p>\n\n\n\n<p>&#8220;O&nbsp;cons\u00f3rcio respons\u00e1vel pela constru\u00e7\u00e3o da nova ponte no local j\u00e1 deu in\u00edcio \u00e0 perfura\u00e7\u00e3o para a coloca\u00e7\u00e3o dos explosivos para demoli\u00e7\u00e3o da estrutura remanescente&#8221;, informou o DNIT.<br><\/p>\n","protected":false},"excerpt":{"rendered":"<p>Ve\u00edculos ficaram presos na estrutura da ponte que caiu no TO Por Luciano Nascimento &#8211;<\/p>\n","protected":false},"author":2,"featured_media":97869,"comment_status":"open","ping_status":"open","sticky":false,"template":"","format":"standard","meta":{"footnotes":""},"categories":[17],"tags":[],"class_list":["post-97868","post","type-post","status-publish","format-standard","has-post-thumbnail","hentry","category-outras-noticias"],"_links":{"self":[{"href":"https:\/\/tvc16.com\/portal\/wp-json\/wp\/v2\/posts\/97868","targetHints":{"allow":["GET"]}}],"collection":[{"href":"https:\/\/tvc16.com\/portal\/wp-json\/wp\/v2\/posts"}],"about":[{"href":"https:\/\/tvc16.com\/portal\/wp-json\/wp\/v2\/types\/post"}],"author":[{"embeddable":true,"href":"https:\/\/tvc16.com\/portal\/wp-json\/wp\/v2\/users\/2"}],"replies":[{"embeddable":true,"href":"https:\/\/tvc16.com\/portal\/wp-json\/wp\/v2\/comments?post=97868"}],"version-history":[{"count":1,"href":"https:\/\/tvc16.com\/portal\/wp-json\/wp\/v2\/posts\/97868\/revisions"}],"predecessor-version":[{"id":97870,"href":"https:\/\/tvc16.com\/portal\/wp-json\/wp\/v2\/posts\/97868\/revisions\/97870"}],"wp:featuredmedia":[{"embeddable":true,"href":"https:\/\/tvc16.com\/portal\/wp-json\/wp\/v2\/media\/97869"}],"wp:attachment":[{"href":"https:\/\/tvc16.com\/portal\/wp-json\/wp\/v2\/media?parent=97868"}],"wp:term":[{"taxonomy":"category","embeddable":true,"href":"https:\/\/tvc16.com\/portal\/wp-json\/wp\/v2\/categories?post=97868"},{"taxonomy":"post_tag","embeddable":true,"href":"https:\/\/tvc16.com\/portal\/wp-json\/wp\/v2\/tags?post=97868"}],"curies":[{"name":"wp","href":"https:\/\/api.w.org\/{rel}","templated":true}]}}