{"id":9787,"date":"2021-01-20T06:27:52","date_gmt":"2021-01-20T09:27:52","guid":{"rendered":"https:\/\/tvc16.com\/portal\/?p=9787"},"modified":"2021-01-20T06:27:54","modified_gmt":"2021-01-20T09:27:54","slug":"petropolis-recebeu-nesta-terca-feira-19-as-primeiras-4-905-doses-da-vacina-contra-o-coronavirus-o-imunizante-chegou-a-cidade-perto-das-15h30-em-um-helicoptero-da-policia-militar-que-pousou-no-pet","status":"publish","type":"post","link":"https:\/\/tvc16.com\/portal\/2021\/01\/20\/petropolis-recebeu-nesta-terca-feira-19-as-primeiras-4-905-doses-da-vacina-contra-o-coronavirus-o-imunizante-chegou-a-cidade-perto-das-15h30-em-um-helicoptero-da-policia-militar-que-pousou-no-pet\/","title":{"rendered":"Petr\u00f3polis recebeu nesta ter\u00e7a-feira (19) as primeiras 4.905 doses da vacina contra o coronav\u00edrus. O imunizante chegou \u00e0 cidade perto das 15h30, em um helic\u00f3ptero da Pol\u00edcia Militar, que pousou no Petropolitano Football Club, no Valpara\u00edso"},"content":{"rendered":"\n<p>As caixas com as vacinas foram entregues pelos tripulantes diretamente ao prefeito interino Hingo Hammes e ao secret\u00e1rio municipal de Sa\u00fade, Aloisio Barbosa da Silva Filho. Uma hora depois, no Trono de F\u00e1tima, os dois primeiros moradores de Petr\u00f3polis foram imunizados: a auxiliar de enfermagem do Hospital Municipal Nelson S\u00e1 Earp (HMNSE), Maria de F\u00e1tima dos Passos, e o aposentado Mario Cezar Wendling Nobis, residente no Lar Nossa Senhora Aparecida.<\/p>\n\n\n\n<p><\/p>\n\n\n\n<figure class=\"wp-block-image size-large\"><img loading=\"lazy\" decoding=\"async\" width=\"1024\" height=\"548\" src=\"https:\/\/tvc16.com\/portal\/wp-content\/uploads\/2021\/01\/20210119_160747-1024x548.jpg\" alt=\"\" class=\"wp-image-9788\" srcset=\"https:\/\/tvc16.com\/portal\/wp-content\/uploads\/2021\/01\/20210119_160747-1024x548.jpg 1024w, https:\/\/tvc16.com\/portal\/wp-content\/uploads\/2021\/01\/20210119_160747-300x160.jpg 300w, https:\/\/tvc16.com\/portal\/wp-content\/uploads\/2021\/01\/20210119_160747-768x411.jpg 768w, https:\/\/tvc16.com\/portal\/wp-content\/uploads\/2021\/01\/20210119_160747.jpg 1049w\" sizes=\"auto, (max-width: 1024px) 100vw, 1024px\" \/><\/figure>\n\n\n\n<p><\/p>\n\n\n\n<figure class=\"wp-block-image size-large\"><img loading=\"lazy\" decoding=\"async\" width=\"711\" height=\"564\" src=\"https:\/\/tvc16.com\/portal\/wp-content\/uploads\/2021\/01\/20210119_160811.jpg\" alt=\"\" class=\"wp-image-9789\" srcset=\"https:\/\/tvc16.com\/portal\/wp-content\/uploads\/2021\/01\/20210119_160811.jpg 711w, https:\/\/tvc16.com\/portal\/wp-content\/uploads\/2021\/01\/20210119_160811-300x238.jpg 300w\" sizes=\"auto, (max-width: 711px) 100vw, 711px\" \/><\/figure>\n\n\n\n<p>\u201cHoje \u00e9 um dia hist\u00f3rico. Estou feliz por presenciar tudo isso. Esper\u00e1vamos esta vacina h\u00e1 muito tempo, e agora ela est\u00e1 aqui. O imunizante chega trazendo esperan\u00e7a de salvarmos vidas e vencermos o coronav\u00edrus\u201d, declarou, emocionado o prefeito interino Hingo Hammes, ao lado da equipe de epidemiologia do munic\u00edpio.<\/p>\n\n\n\n<figure class=\"wp-block-image size-large\"><img loading=\"lazy\" decoding=\"async\" width=\"1024\" height=\"587\" src=\"https:\/\/tvc16.com\/portal\/wp-content\/uploads\/2021\/01\/20210119_160735-1024x587.jpg\" alt=\"\" class=\"wp-image-9790\" srcset=\"https:\/\/tvc16.com\/portal\/wp-content\/uploads\/2021\/01\/20210119_160735-1024x587.jpg 1024w, https:\/\/tvc16.com\/portal\/wp-content\/uploads\/2021\/01\/20210119_160735-300x172.jpg 300w, https:\/\/tvc16.com\/portal\/wp-content\/uploads\/2021\/01\/20210119_160735-768x440.jpg 768w, https:\/\/tvc16.com\/portal\/wp-content\/uploads\/2021\/01\/20210119_160735.jpg 1037w\" sizes=\"auto, (max-width: 1024px) 100vw, 1024px\" \/><\/figure>\n\n\n\n<p><\/p>\n\n\n\n<p>Assim que chegaram, as doses entregues pelo Governo do Estado seguiram com escolta policial para serem armazenadas em c\u00e2maras frigor\u00edficas com temperatura entre 2\u00b0 at\u00e9 8\u00b0 graus, obedecendo os crit\u00e9rios do fabricante. Em seguida, os dois primeiros moradores de Petr\u00f3polis foram vacinados no Trono de F\u00e1tima. O aposentado Mario Cezar, de 76 anos, que foi o primeiro a ser vacinado, lembrou da import\u00e2ncia do engajamento de todos: \u201cEste ato simb\u00f3lico \u00e9 muito importante para incentivar as pessoas a se protegerem e seguirem as normas. As pessoas precisam se engajar porque \u00e9 a vida de todo mundo que est\u00e1 em jogo\u201d.<\/p>\n\n\n\n<figure class=\"wp-block-image size-large\"><img loading=\"lazy\" decoding=\"async\" width=\"1024\" height=\"648\" src=\"https:\/\/tvc16.com\/portal\/wp-content\/uploads\/2021\/01\/IMG-20210119-WA0112-1024x648.jpg\" alt=\"\" class=\"wp-image-9791\" srcset=\"https:\/\/tvc16.com\/portal\/wp-content\/uploads\/2021\/01\/IMG-20210119-WA0112-1024x648.jpg 1024w, https:\/\/tvc16.com\/portal\/wp-content\/uploads\/2021\/01\/IMG-20210119-WA0112-300x190.jpg 300w, https:\/\/tvc16.com\/portal\/wp-content\/uploads\/2021\/01\/IMG-20210119-WA0112-768x486.jpg 768w, https:\/\/tvc16.com\/portal\/wp-content\/uploads\/2021\/01\/IMG-20210119-WA0112.jpg 1280w\" sizes=\"auto, (max-width: 1024px) 100vw, 1024px\" \/><\/figure>\n\n\n\n<p>A auxiliar de enfermagem Maria de F\u00e1tima, que tem 57 anos e atua h\u00e1 14 anos no HMNSE, foi a segunda a ser vacinada na cidade. \u201cEstou muito emocionada. Agrade\u00e7o a Deus e a Nossa Senhora de F\u00e1tima. \u00c9 uma honra ter participado deste momento. A luta foi grande e vai continuar. A chegada da vacina \u00e9 uma esperan\u00e7a, mas \u00e9 preciso continuar tendo cuidado\u201d, disse.<\/p>\n\n\n\n<p><\/p>\n\n\n\n<figure class=\"wp-block-image size-large\"><img loading=\"lazy\" decoding=\"async\" width=\"1024\" height=\"600\" src=\"https:\/\/tvc16.com\/portal\/wp-content\/uploads\/2021\/01\/IMG-20210119-WA0107-1024x600.jpg\" alt=\"\" class=\"wp-image-9792\" srcset=\"https:\/\/tvc16.com\/portal\/wp-content\/uploads\/2021\/01\/IMG-20210119-WA0107-1024x600.jpg 1024w, https:\/\/tvc16.com\/portal\/wp-content\/uploads\/2021\/01\/IMG-20210119-WA0107-300x176.jpg 300w, https:\/\/tvc16.com\/portal\/wp-content\/uploads\/2021\/01\/IMG-20210119-WA0107-768x450.jpg 768w, https:\/\/tvc16.com\/portal\/wp-content\/uploads\/2021\/01\/IMG-20210119-WA0107.jpg 1280w\" sizes=\"auto, (max-width: 1024px) 100vw, 1024px\" \/><\/figure>\n\n\n\n<p>Esta primeira remessa enviada a Petr\u00f3polis vai garantir, conforme recomenda\u00e7\u00e3o do Minist\u00e9rio da Sa\u00fade, a imuniza\u00e7\u00e3o dos profissionais da sa\u00fade que est\u00e3o na linha de frente no combate ao coronav\u00edrus, idosos com mais de 60 anos residentes em institui\u00e7\u00f5es de longa perman\u00eancia e deficientes maiores de 18 anos que vivem em resid\u00eancias inclusivas.<\/p>\n\n\n\n<p>O secret\u00e1rio de Sa\u00fade, Aloisio Barbosa, explicou que nesta etapa, a vacina\u00e7\u00e3o ser\u00e1 volante: \u201cTendo em vista o n\u00famero limitado de doses recebidas, estamos seguindo as orienta\u00e7\u00f5es do Minist\u00e9rio da Sa\u00fade e priorizando os profissionais que est\u00e3o nas UTIs e nas urg\u00eancias e emerg\u00eancias de unidades p\u00fablicas e privadas\u201d, esclareceu, ressaltando que \u00e9 fundamental que as pessoas continuem tomando todos os cuidados para evitar a contamina\u00e7\u00e3o. O trabalho nas unidades de sa\u00fade e institui\u00e7\u00f5es ser\u00e1 iniciado na manh\u00e3 desta quarta-feira.<\/p>\n\n\n\n<p><\/p>\n\n\n\n<figure class=\"wp-block-image size-large\"><img loading=\"lazy\" decoding=\"async\" width=\"738\" height=\"1024\" src=\"https:\/\/tvc16.com\/portal\/wp-content\/uploads\/2021\/01\/IMG-20210119-WA0111-738x1024.jpg\" alt=\"\" class=\"wp-image-9793\" srcset=\"https:\/\/tvc16.com\/portal\/wp-content\/uploads\/2021\/01\/IMG-20210119-WA0111-738x1024.jpg 738w, https:\/\/tvc16.com\/portal\/wp-content\/uploads\/2021\/01\/IMG-20210119-WA0111-216x300.jpg 216w, https:\/\/tvc16.com\/portal\/wp-content\/uploads\/2021\/01\/IMG-20210119-WA0111-768x1066.jpg 768w, https:\/\/tvc16.com\/portal\/wp-content\/uploads\/2021\/01\/IMG-20210119-WA0111.jpg 922w\" sizes=\"auto, (max-width: 738px) 100vw, 738px\" \/><\/figure>\n","protected":false},"excerpt":{"rendered":"<p>As caixas com as vacinas foram entregues pelos tripulantes diretamente ao prefeito interino Hingo Hammes<\/p>\n","protected":false},"author":2,"featured_media":9794,"comment_status":"open","ping_status":"open","sticky":false,"template":"","format":"standard","meta":{"footnotes":""},"categories":[12],"tags":[],"class_list":["post-9787","post","type-post","status-publish","format-standard","has-post-thumbnail","hentry","category-cidade"],"_links":{"self":[{"href":"https:\/\/tvc16.com\/portal\/wp-json\/wp\/v2\/posts\/9787","targetHints":{"allow":["GET"]}}],"collection":[{"href":"https:\/\/tvc16.com\/portal\/wp-json\/wp\/v2\/posts"}],"about":[{"href":"https:\/\/tvc16.com\/portal\/wp-json\/wp\/v2\/types\/post"}],"author":[{"embeddable":true,"href":"https:\/\/tvc16.com\/portal\/wp-json\/wp\/v2\/users\/2"}],"replies":[{"embeddable":true,"href":"https:\/\/tvc16.com\/portal\/wp-json\/wp\/v2\/comments?post=9787"}],"version-history":[{"count":1,"href":"https:\/\/tvc16.com\/portal\/wp-json\/wp\/v2\/posts\/9787\/revisions"}],"predecessor-version":[{"id":9795,"href":"https:\/\/tvc16.com\/portal\/wp-json\/wp\/v2\/posts\/9787\/revisions\/9795"}],"wp:featuredmedia":[{"embeddable":true,"href":"https:\/\/tvc16.com\/portal\/wp-json\/wp\/v2\/media\/9794"}],"wp:attachment":[{"href":"https:\/\/tvc16.com\/portal\/wp-json\/wp\/v2\/media?parent=9787"}],"wp:term":[{"taxonomy":"category","embeddable":true,"href":"https:\/\/tvc16.com\/portal\/wp-json\/wp\/v2\/categories?post=9787"},{"taxonomy":"post_tag","embeddable":true,"href":"https:\/\/tvc16.com\/portal\/wp-json\/wp\/v2\/tags?post=9787"}],"curies":[{"name":"wp","href":"https:\/\/api.w.org\/{rel}","templated":true}]}}