{"id":97878,"date":"2025-01-23T14:16:14","date_gmt":"2025-01-23T17:16:14","guid":{"rendered":"https:\/\/tvc16.com\/portal\/?p=97878"},"modified":"2025-01-23T14:16:16","modified_gmt":"2025-01-23T17:16:16","slug":"prefeitura-inicia-diagnostico-das-comunidades-atendidas-pelos-nudecs","status":"publish","type":"post","link":"https:\/\/tvc16.com\/portal\/2025\/01\/23\/prefeitura-inicia-diagnostico-das-comunidades-atendidas-pelos-nudecs\/","title":{"rendered":"Prefeitura inicia diagn\u00f3stico das comunidades atendidas pelos Nudecs"},"content":{"rendered":"\n<p>A Prefeitura, por meio da secretaria de Prote\u00e7\u00e3o e Defesa Civil, est\u00e1 fazendo um diagn\u00f3stico das comunidades que s\u00e3o atendidas pelos N\u00facleos Comunit\u00e1rios de Defesa Civil (Nudecs). As vistorias come\u00e7aram na semana passada e tem como objetivo estreitar o di\u00e1logo com as comunidades para entender as necessidades e otimizar o trabalho nas regi\u00f5es.<\/p>\n\n\n\n<p>\u201c\u00c9 muito importante fortalecer esse di\u00e1logo com as comunidades em parceria com os Nudecs, que fazem um trabalho de integra\u00e7\u00e3o e preven\u00e7\u00e3o com os moradores, com foco na resili\u00eancia e uma cultura de preven\u00e7\u00e3o\u201d, comentou o prefeito Hingo Hammes.<\/p>\n\n\n\n<p>Durante o trabalho de campo, s\u00e3o avaliadas as situa\u00e7\u00f5es enfrentadas pelas localidades, como a poda de galhos e \u00e1rvores, rachaduras, buracos na via, estado das rotas de fuga e outros. Atualmente s\u00e3o mais de 30 Nudecs atuando na cidade.<\/p>\n\n\n\n<p>\u201cVamos percorrer todas essas regi\u00f5es ouvindo os moradores, suas demandas e tentar juntos achar solu\u00e7\u00f5es para o desenvolvimento dessas comunidades\u201d, disse o secret\u00e1rio de Prote\u00e7\u00e3o e Defesa Civil, Guilherme Moraes.<\/p>\n","protected":false},"excerpt":{"rendered":"<p>A Prefeitura, por meio da secretaria de Prote\u00e7\u00e3o e Defesa Civil, est\u00e1 fazendo um diagn\u00f3stico<\/p>\n","protected":false},"author":2,"featured_media":97879,"comment_status":"open","ping_status":"open","sticky":false,"template":"","format":"standard","meta":{"footnotes":""},"categories":[12],"tags":[],"class_list":["post-97878","post","type-post","status-publish","format-standard","has-post-thumbnail","hentry","category-cidade"],"_links":{"self":[{"href":"https:\/\/tvc16.com\/portal\/wp-json\/wp\/v2\/posts\/97878","targetHints":{"allow":["GET"]}}],"collection":[{"href":"https:\/\/tvc16.com\/portal\/wp-json\/wp\/v2\/posts"}],"about":[{"href":"https:\/\/tvc16.com\/portal\/wp-json\/wp\/v2\/types\/post"}],"author":[{"embeddable":true,"href":"https:\/\/tvc16.com\/portal\/wp-json\/wp\/v2\/users\/2"}],"replies":[{"embeddable":true,"href":"https:\/\/tvc16.com\/portal\/wp-json\/wp\/v2\/comments?post=97878"}],"version-history":[{"count":1,"href":"https:\/\/tvc16.com\/portal\/wp-json\/wp\/v2\/posts\/97878\/revisions"}],"predecessor-version":[{"id":97880,"href":"https:\/\/tvc16.com\/portal\/wp-json\/wp\/v2\/posts\/97878\/revisions\/97880"}],"wp:featuredmedia":[{"embeddable":true,"href":"https:\/\/tvc16.com\/portal\/wp-json\/wp\/v2\/media\/97879"}],"wp:attachment":[{"href":"https:\/\/tvc16.com\/portal\/wp-json\/wp\/v2\/media?parent=97878"}],"wp:term":[{"taxonomy":"category","embeddable":true,"href":"https:\/\/tvc16.com\/portal\/wp-json\/wp\/v2\/categories?post=97878"},{"taxonomy":"post_tag","embeddable":true,"href":"https:\/\/tvc16.com\/portal\/wp-json\/wp\/v2\/tags?post=97878"}],"curies":[{"name":"wp","href":"https:\/\/api.w.org\/{rel}","templated":true}]}}