{"id":97887,"date":"2025-01-23T14:20:59","date_gmt":"2025-01-23T17:20:59","guid":{"rendered":"https:\/\/tvc16.com\/portal\/?p=97887"},"modified":"2025-01-23T14:21:01","modified_gmt":"2025-01-23T17:21:01","slug":"reforco-na-sinalizacao-que-regulamenta-embarque-e-desembarque-na-rodoviaria-de-petropolis-2","status":"publish","type":"post","link":"https:\/\/tvc16.com\/portal\/2025\/01\/23\/reforco-na-sinalizacao-que-regulamenta-embarque-e-desembarque-na-rodoviaria-de-petropolis-2\/","title":{"rendered":"Refor\u00e7o na sinaliza\u00e7\u00e3o que regulamenta embarque e desembarque na Rodovi\u00e1ria de Petr\u00f3polis"},"content":{"rendered":"\n<p><em>Medida serve para garantir o acesso r\u00e1pido ao terminal e evitar congestionamentos na regi\u00e3o<\/em><\/p>\n\n\n\n<p>A Companhia Petropolitana de Tr\u00e2nsito e Transportes &#8211; CPTrans refor\u00e7ou a sinaliza\u00e7\u00e3o e as a\u00e7\u00f5es de orienta\u00e7\u00e3o aos motoristas na \u00e1rea de embarque e desembarque do Terminal Rodovi\u00e1rio Governador Leonel Brizola, a Rodovi\u00e1ria de Petr\u00f3polis, no Bingen. Novas placas foram instaladas no local para lembrar aos motoristas que o estacionamento no local \u00e9 proibido.<\/p>\n\n\n\n<p>\u201cQueremos garantir seguran\u00e7a e conforto para as milhares de pessoas, petropolitanos e turistas, que diariamente utilizam a Rodovi\u00e1ria de Petr\u00f3polis. E a comunica\u00e7\u00e3o, o que envolve tamb\u00e9m a melhoria na sinaliza\u00e7\u00e3o, \u00e9 fundamental para o ordenamento desse espa\u00e7o t\u00e3o importante para a cidade\u201d, destacou o prefeito Hingo Hammes.<\/p>\n\n\n\n<p>Foram instaladas tr\u00eas novas placas de embarque e desembarque. Al\u00e9m disso, funcion\u00e1rios do terminal est\u00e3o orientando os motoristas sobre o estacionamento no terminal. \u201cA gente refor\u00e7a para que os motoristas n\u00e3o deixem os ve\u00edculos estacionados nessa \u00e1rea. Essa \u00e9 uma medida para garantir que todos que frequentam a rodovi\u00e1ria possam ter celeridade na hora de buscar e deixar passageiros\u201d, pontua o diretor de Terminais, Junior Cezar.<\/p>\n\n\n\n<p>A alternativa para quem precisa parar o ve\u00edculo no terminal \u00e9 o estacionamento que fica em frente a \u00e1rea de embarque e desembarque. \u201cH\u00e1 uma toler\u00e2ncia de 10 minutos. Essa medida serve ainda para dar fluidez ao tr\u00e2nsito na \u00e1rea do terminal, evitando qualquer tipo de congestionamento\u201d, explica o presidente da CPTrans, Luciano Moreira.<\/p>\n","protected":false},"excerpt":{"rendered":"<p>Medida serve para garantir o acesso r\u00e1pido ao terminal e evitar congestionamentos na regi\u00e3o A<\/p>\n","protected":false},"author":2,"featured_media":97889,"comment_status":"open","ping_status":"open","sticky":false,"template":"","format":"standard","meta":{"footnotes":""},"categories":[12],"tags":[],"class_list":["post-97887","post","type-post","status-publish","format-standard","has-post-thumbnail","hentry","category-cidade"],"_links":{"self":[{"href":"https:\/\/tvc16.com\/portal\/wp-json\/wp\/v2\/posts\/97887","targetHints":{"allow":["GET"]}}],"collection":[{"href":"https:\/\/tvc16.com\/portal\/wp-json\/wp\/v2\/posts"}],"about":[{"href":"https:\/\/tvc16.com\/portal\/wp-json\/wp\/v2\/types\/post"}],"author":[{"embeddable":true,"href":"https:\/\/tvc16.com\/portal\/wp-json\/wp\/v2\/users\/2"}],"replies":[{"embeddable":true,"href":"https:\/\/tvc16.com\/portal\/wp-json\/wp\/v2\/comments?post=97887"}],"version-history":[{"count":1,"href":"https:\/\/tvc16.com\/portal\/wp-json\/wp\/v2\/posts\/97887\/revisions"}],"predecessor-version":[{"id":97890,"href":"https:\/\/tvc16.com\/portal\/wp-json\/wp\/v2\/posts\/97887\/revisions\/97890"}],"wp:featuredmedia":[{"embeddable":true,"href":"https:\/\/tvc16.com\/portal\/wp-json\/wp\/v2\/media\/97889"}],"wp:attachment":[{"href":"https:\/\/tvc16.com\/portal\/wp-json\/wp\/v2\/media?parent=97887"}],"wp:term":[{"taxonomy":"category","embeddable":true,"href":"https:\/\/tvc16.com\/portal\/wp-json\/wp\/v2\/categories?post=97887"},{"taxonomy":"post_tag","embeddable":true,"href":"https:\/\/tvc16.com\/portal\/wp-json\/wp\/v2\/tags?post=97887"}],"curies":[{"name":"wp","href":"https:\/\/api.w.org\/{rel}","templated":true}]}}