{"id":97903,"date":"2025-01-24T08:09:55","date_gmt":"2025-01-24T11:09:55","guid":{"rendered":"https:\/\/tvc16.com\/portal\/?p=97903"},"modified":"2025-01-24T08:09:57","modified_gmt":"2025-01-24T11:09:57","slug":"representantes-da-prefeitura-de-petropolis-recebem-presidente-do-instituto-lixo-zero-brasil","status":"publish","type":"post","link":"https:\/\/tvc16.com\/portal\/2025\/01\/24\/representantes-da-prefeitura-de-petropolis-recebem-presidente-do-instituto-lixo-zero-brasil\/","title":{"rendered":"Representantes da Prefeitura de Petr\u00f3polis recebem presidente do Instituto Lixo Zero Brasil"},"content":{"rendered":"\n<p><em>Encontro serviu para debater programas de conscientiza\u00e7\u00e3o e modelos de outras cidades, incluindo outros pa\u00edses, de redu\u00e7\u00e3o do lixo e amplia\u00e7\u00e3o da coleta seletiva<\/em><\/p>\n\n\n\n<p>Na tarde desta quinta-feira (23), o vice-prefeito e secret\u00e1rio de Meio Ambiente, Albano Filho (Baninho), al\u00e9m da presidente da Companhia Municipal de Desenvolvimento de Petr\u00f3polis &#8211; Comdep, Fernanda Ferreira, e o secret\u00e1rio de Defesa Civil, coronel Guilherme Moraes, receberam o presidente do Instituto Lixo Zero Brasil, Rodrigo Sabatini, o embaixador do Instituto Lixo Zero Rio de Janeiro, Bruno Rodrigues, e o tamb\u00e9m embaixador do instituto, C\u00e9sar Magno. No encontro, foram apresentadas propostas de campanhas de coleta seletiva, que j\u00e1 foram implementadas em outras cidades do pa\u00eds com o aux\u00edlio do Lixo Zero.<\/p>\n\n\n\n<p>\u201c\u00c9 sempre importante estabelecer esse di\u00e1logo, especialmente com quem tem a expertise de outras experi\u00eancias, inclusive que vem de outros pa\u00edses. A gente ainda se recupera de uma crise sanit\u00e1ria na cidade, envolvendo a coleta de lixo, um momento ainda delicado e que, com muito esfor\u00e7o, com muita organiza\u00e7\u00e3o e com apoio do governo do Estado, a gente vem conseguindo sanar\u201d, disse o secret\u00e1rio de Meio Ambiente.<\/p>\n\n\n\n<p>\u00c9 a Comdep quem faz a gest\u00e3o da coleta de lixo na cidade, que depois \u00e9 direcionado para o aterro sanit\u00e1rio da cidade de Tr\u00eas Rios. \u201cEstamos em um momento de reestrutura\u00e7\u00e3o dessa coleta. O cen\u00e1rio no fim do ano, de montanhas de lixo acumulando nos bairros, j\u00e1 mudou. Estamos preocupados ainda com o volume de lixo domiciliar gerado e com a necessidade de aumentar a coleta seletiva. Nosso objetivo \u00e9 tornar Petr\u00f3polis uma refer\u00eancia em Educa\u00e7\u00e3o Ambiental\u201d, disse o prefeito Hingo Hammes.<\/p>\n\n\n\n<p>Entre as propostas apresentadas no encontro, est\u00e1 a cria\u00e7\u00e3o de um plano diretor para o lixo zero, um programa piloto em um bairro na cidade, com coleta seletiva por material recicl\u00e1vel e a\u00e7\u00f5es de conscientiza\u00e7\u00e3o nas quase 200 escolas da rede municipal. \u201cO que a gente busca \u00e9 construir uma sociedade melhor para todos. Uma cidade sem lixo\u201d, ressaltou Sabatini.<\/p>\n","protected":false},"excerpt":{"rendered":"<p>Encontro serviu para debater programas de conscientiza\u00e7\u00e3o e modelos de outras cidades, incluindo outros pa\u00edses,<\/p>\n","protected":false},"author":2,"featured_media":97904,"comment_status":"open","ping_status":"open","sticky":false,"template":"","format":"standard","meta":{"footnotes":""},"categories":[12],"tags":[],"class_list":["post-97903","post","type-post","status-publish","format-standard","has-post-thumbnail","hentry","category-cidade"],"_links":{"self":[{"href":"https:\/\/tvc16.com\/portal\/wp-json\/wp\/v2\/posts\/97903","targetHints":{"allow":["GET"]}}],"collection":[{"href":"https:\/\/tvc16.com\/portal\/wp-json\/wp\/v2\/posts"}],"about":[{"href":"https:\/\/tvc16.com\/portal\/wp-json\/wp\/v2\/types\/post"}],"author":[{"embeddable":true,"href":"https:\/\/tvc16.com\/portal\/wp-json\/wp\/v2\/users\/2"}],"replies":[{"embeddable":true,"href":"https:\/\/tvc16.com\/portal\/wp-json\/wp\/v2\/comments?post=97903"}],"version-history":[{"count":1,"href":"https:\/\/tvc16.com\/portal\/wp-json\/wp\/v2\/posts\/97903\/revisions"}],"predecessor-version":[{"id":97905,"href":"https:\/\/tvc16.com\/portal\/wp-json\/wp\/v2\/posts\/97903\/revisions\/97905"}],"wp:featuredmedia":[{"embeddable":true,"href":"https:\/\/tvc16.com\/portal\/wp-json\/wp\/v2\/media\/97904"}],"wp:attachment":[{"href":"https:\/\/tvc16.com\/portal\/wp-json\/wp\/v2\/media?parent=97903"}],"wp:term":[{"taxonomy":"category","embeddable":true,"href":"https:\/\/tvc16.com\/portal\/wp-json\/wp\/v2\/categories?post=97903"},{"taxonomy":"post_tag","embeddable":true,"href":"https:\/\/tvc16.com\/portal\/wp-json\/wp\/v2\/tags?post=97903"}],"curies":[{"name":"wp","href":"https:\/\/api.w.org\/{rel}","templated":true}]}}