{"id":97909,"date":"2025-01-24T08:15:03","date_gmt":"2025-01-24T11:15:03","guid":{"rendered":"https:\/\/tvc16.com\/portal\/?p=97909"},"modified":"2025-01-24T08:16:39","modified_gmt":"2025-01-24T11:16:39","slug":"prefeitura-ajuda-meis-com-declaracao-anual-de-faturamento","status":"publish","type":"post","link":"https:\/\/tvc16.com\/portal\/2025\/01\/24\/prefeitura-ajuda-meis-com-declaracao-anual-de-faturamento\/","title":{"rendered":"Prefeitura de Petr\u00f3polis ajuda MEIs com Declara\u00e7\u00e3o Anual de Faturamento"},"content":{"rendered":"\n<p><em>Espa\u00e7o do Empreendedor funciona como aparelho da Secretaria de Desenvolvimento Econ\u00f4mico para ajudar MEIs com obriga\u00e7\u00f5es fiscais<\/em><\/p>\n\n\n\n<p>Os Microempreendedores Individuais (MEIs), j\u00e1 podem fazer a Declara\u00e7\u00e3o Anual de Faturamento (DASN) de 2024. O procedimiento obrigat\u00f3rio pode ser feito com ajuda do Espa\u00e7o do Empreendedor da Secretaria de Desenvolvimiento. A DASN deve ser enviada at\u00e9 o dia 31 de maio.<\/p>\n\n\n\n<p>\u201cQueremos que o empreendedor saiba que estamos trabalhando com ele. O Espa\u00e7o do Empreendedor \u00e9 um ambiente que est\u00e1 do lado do microempres\u00e1rio e vamos trabalhar para fortalecer cada vez mais essa rela\u00e7\u00e3o\u201d, comenta o prefeito Hingo Hammes.<\/p>\n\n\n\n<p>O Espa\u00e7o do Empreendedor \u00e9 um ambiente da secretaria de Desenvolvimento Econ\u00f4mico que oferece aos empres\u00e1rios atendimento a servi\u00e7os do MEI, com o objetivo de auxiliar os empreendedores nas suas obriga\u00e7\u00f5es fiscais. Dentre os servi\u00e7os oferecidos est\u00e3o: a DASN, formaliza\u00e7\u00e3o do MEI, ades\u00e3o ao parcelamento do SIMEI, altera\u00e7\u00f5es de dados cadastrais do CCMEI, baixa do MEI, impress\u00e3o da DAS mensais, consulta de viabilidade e realiza\u00e7\u00e3o e orienta\u00e7\u00f5es de Neg\u00f3cios.<\/p>\n\n\n\n<p>\u201cEsse \u00e9 um trabalho que precisa ser cont\u00ednuo. Estamos trabalhando para que o empreendedor veja Petr\u00f3polis com bons olhos, e reconhe\u00e7a a cidade como uma oportunidade\u201d, comenta o secret\u00e1rio de Desenvolvimento Econ\u00f4mico, Samir El Gahoui.<\/p>\n\n\n\n<p>Os atendimentos podem ser feitos presencialmente no Espa\u00e7o do Empreendedor de segunda a sexta-feira, das 9h \u00e0s 17h, no Hipershopping, Alto da Serra, Rua Teresa, 1515, sobreloja, pelo whatsapp (24) 2242-8750, ou pelo telefone de atendimento online (24) 22468536.<\/p>\n","protected":false},"excerpt":{"rendered":"<p>Espa\u00e7o do Empreendedor funciona como aparelho da Secretaria de Desenvolvimento Econ\u00f4mico para ajudar MEIs com<\/p>\n","protected":false},"author":2,"featured_media":97910,"comment_status":"open","ping_status":"open","sticky":false,"template":"","format":"standard","meta":{"footnotes":""},"categories":[12],"tags":[],"class_list":["post-97909","post","type-post","status-publish","format-standard","has-post-thumbnail","hentry","category-cidade"],"_links":{"self":[{"href":"https:\/\/tvc16.com\/portal\/wp-json\/wp\/v2\/posts\/97909","targetHints":{"allow":["GET"]}}],"collection":[{"href":"https:\/\/tvc16.com\/portal\/wp-json\/wp\/v2\/posts"}],"about":[{"href":"https:\/\/tvc16.com\/portal\/wp-json\/wp\/v2\/types\/post"}],"author":[{"embeddable":true,"href":"https:\/\/tvc16.com\/portal\/wp-json\/wp\/v2\/users\/2"}],"replies":[{"embeddable":true,"href":"https:\/\/tvc16.com\/portal\/wp-json\/wp\/v2\/comments?post=97909"}],"version-history":[{"count":3,"href":"https:\/\/tvc16.com\/portal\/wp-json\/wp\/v2\/posts\/97909\/revisions"}],"predecessor-version":[{"id":97913,"href":"https:\/\/tvc16.com\/portal\/wp-json\/wp\/v2\/posts\/97909\/revisions\/97913"}],"wp:featuredmedia":[{"embeddable":true,"href":"https:\/\/tvc16.com\/portal\/wp-json\/wp\/v2\/media\/97910"}],"wp:attachment":[{"href":"https:\/\/tvc16.com\/portal\/wp-json\/wp\/v2\/media?parent=97909"}],"wp:term":[{"taxonomy":"category","embeddable":true,"href":"https:\/\/tvc16.com\/portal\/wp-json\/wp\/v2\/categories?post=97909"},{"taxonomy":"post_tag","embeddable":true,"href":"https:\/\/tvc16.com\/portal\/wp-json\/wp\/v2\/tags?post=97909"}],"curies":[{"name":"wp","href":"https:\/\/api.w.org\/{rel}","templated":true}]}}