{"id":97924,"date":"2025-01-24T08:24:51","date_gmt":"2025-01-24T11:24:51","guid":{"rendered":"https:\/\/tvc16.com\/portal\/?p=97924"},"modified":"2025-01-24T08:24:52","modified_gmt":"2025-01-24T11:24:52","slug":"rj-aplica-r-535-milhoes-em-multas-por-transporte-de-carga-irregular","status":"publish","type":"post","link":"https:\/\/tvc16.com\/portal\/2025\/01\/24\/rj-aplica-r-535-milhoes-em-multas-por-transporte-de-carga-irregular\/","title":{"rendered":"RJ aplica R$ 535 milh\u00f5es em multas por transporte de carga irregular"},"content":{"rendered":"\n<p><em>Balan\u00e7o da Opera\u00e7\u00e3o Foco Divisas \u00e9 referente a todo ano de 2024<\/em><\/p>\n\n\n\n<p>Por Douglas Corr\u00eaa &#8211; Rep\u00f3rter da Ag\u00eancia Brasil \/ Foto: Marcelo Camargo\/Ag\u00eancia Brasil<\/p>\n\n\n\n<p><\/p>\n\n\n\n<p>A Opera\u00e7\u00e3o Foco Divisas, realizada nas barreiras fiscais do estado do Rio de Janeiro,&nbsp;aplicou&nbsp;mais de R$ 535 milh\u00f5es em autos de infra\u00e7\u00e3o contra empresas e transportadoras de cargas flagradas em situa\u00e7\u00e3o irregular em 2024. Divulgado em balan\u00e7o nesta quinta-feira (23),&nbsp;valor&nbsp;\u00e9 165,4% maior que o verificado no ano de 2023.<br><br>Os n\u00fameros refletem o resultado da integra\u00e7\u00e3o entre a Secretaria da Casa Civil, respons\u00e1vel pela coordena\u00e7\u00e3o do programa, e a Secretaria de Fazenda, com o trabalho de fiscaliza\u00e7\u00e3o nas divisas do estado, combatendo irregularidades. Com as a\u00e7\u00f5es, a arrecada\u00e7\u00e3o tribut\u00e1ria e a recupera\u00e7\u00e3o de ativos para os cofres estaduais podem ser aplicadas em diversas \u00e1reas, como seguran\u00e7a, sa\u00fade, educa\u00e7\u00e3o e saneamento b\u00e1sico.<br><br>De acordo com o subsecret\u00e1rio especial de Controle de Divisas, Eduardo Vaz Castelano, o programa completou tr\u00eas anos em agosto do ano passado e vem trabalhando diariamente nas fiscaliza\u00e7\u00f5es. \u201cNesse per\u00edodo, mostramos uma evolu\u00e7\u00e3o positiva e estamos contribuindo positivamente para o crescimento da recupera\u00e7\u00e3o de ativos para o Estado. O trabalho de intelig\u00eancia realizado entre a Opera\u00e7\u00e3o Foco e a Receita Estadual contribuiu significativamente na redu\u00e7\u00e3o no n\u00famero de abordagens, fazendo com que as assertividades nas abordagens sejam maiores\u201d, explica em nota.<br><br>O superintendente de Fiscaliza\u00e7\u00e3o da Secretaria de Fazenda, Elson Caetano, disse que as a\u00e7\u00f5es integradas com a Casa Civil contribuem para o combate a irregularidades e \u00e0 concorr\u00eancia desleal.&nbsp;<img decoding=\"async\" src=\"https:\/\/agenciabrasil.ebc.com.br\/ebc.png?id=1627722&amp;o=node\"><img decoding=\"async\" src=\"https:\/\/agenciabrasil.ebc.com.br\/ebc.gif?id=1627722&amp;o=node\"><\/p>\n\n\n\n<p>As a\u00e7\u00f5es de fiscaliza\u00e7\u00e3o acontecem nos postos fixos de barreira fiscal em Itatiaia, Comendador Levy Gasparian, Campos dos Goytacazes, Itaperuna e Angra dos Reis, al\u00e9m de a\u00e7\u00f5es volantes na regi\u00e3o metropolitana do Rio.<br><\/p>\n","protected":false},"excerpt":{"rendered":"<p>Balan\u00e7o da Opera\u00e7\u00e3o Foco Divisas \u00e9 referente a todo ano de 2024 Por Douglas Corr\u00eaa<\/p>\n","protected":false},"author":2,"featured_media":97925,"comment_status":"open","ping_status":"open","sticky":false,"template":"","format":"standard","meta":{"footnotes":""},"categories":[17],"tags":[],"class_list":["post-97924","post","type-post","status-publish","format-standard","has-post-thumbnail","hentry","category-outras-noticias"],"_links":{"self":[{"href":"https:\/\/tvc16.com\/portal\/wp-json\/wp\/v2\/posts\/97924","targetHints":{"allow":["GET"]}}],"collection":[{"href":"https:\/\/tvc16.com\/portal\/wp-json\/wp\/v2\/posts"}],"about":[{"href":"https:\/\/tvc16.com\/portal\/wp-json\/wp\/v2\/types\/post"}],"author":[{"embeddable":true,"href":"https:\/\/tvc16.com\/portal\/wp-json\/wp\/v2\/users\/2"}],"replies":[{"embeddable":true,"href":"https:\/\/tvc16.com\/portal\/wp-json\/wp\/v2\/comments?post=97924"}],"version-history":[{"count":1,"href":"https:\/\/tvc16.com\/portal\/wp-json\/wp\/v2\/posts\/97924\/revisions"}],"predecessor-version":[{"id":97926,"href":"https:\/\/tvc16.com\/portal\/wp-json\/wp\/v2\/posts\/97924\/revisions\/97926"}],"wp:featuredmedia":[{"embeddable":true,"href":"https:\/\/tvc16.com\/portal\/wp-json\/wp\/v2\/media\/97925"}],"wp:attachment":[{"href":"https:\/\/tvc16.com\/portal\/wp-json\/wp\/v2\/media?parent=97924"}],"wp:term":[{"taxonomy":"category","embeddable":true,"href":"https:\/\/tvc16.com\/portal\/wp-json\/wp\/v2\/categories?post=97924"},{"taxonomy":"post_tag","embeddable":true,"href":"https:\/\/tvc16.com\/portal\/wp-json\/wp\/v2\/tags?post=97924"}],"curies":[{"name":"wp","href":"https:\/\/api.w.org\/{rel}","templated":true}]}}