{"id":97927,"date":"2025-01-24T08:26:50","date_gmt":"2025-01-24T11:26:50","guid":{"rendered":"https:\/\/tvc16.com\/portal\/?p=97927"},"modified":"2025-01-24T08:27:15","modified_gmt":"2025-01-24T11:27:15","slug":"inepac-aprova-intervencoes-no-theatro-dom-pedro","status":"publish","type":"post","link":"https:\/\/tvc16.com\/portal\/2025\/01\/24\/inepac-aprova-intervencoes-no-theatro-dom-pedro\/","title":{"rendered":"Inepac aprova interven\u00e7\u00f5es no Theatro Dom Pedro"},"content":{"rendered":"\n<p><em>Equipe t\u00e9cnica do \u00f3rg\u00e3o estadual de preserva\u00e7\u00e3o do patrim\u00f4nio visitou a obra nesta quinta-feira (23).<\/em><\/p>\n\n\n\n<p>Mais um passo no processo de devolu\u00e7\u00e3o do Theatro Dom Pedro, principal palco da cultura em Petr\u00f3polis, \u00e0 classe art\u00edstica da cidade e \u00e0 popula\u00e7\u00e3o foi dado nesta quinta-feira (23). No fim da manh\u00e3, uma equipe t\u00e9cnica do Instituto Estadual do Patrim\u00f4nio Cultural &#8211; Inepac visitou a obra e aprovou as interven\u00e7\u00f5es que v\u00eam sendo realizadas, desde que o trabalho foi retomado no dia 13.<\/p>\n\n\n\n<p>\u201cEsse \u00e9 um passo muito importante, porque mostra que estamos num caminho certo, tratando com carinho e muita seriedade esse que \u00e9 um dos maiores patrim\u00f4nios da cidade. Uma mostra da nossa preocupa\u00e7\u00e3o com a preserva\u00e7\u00e3o do nosso patrim\u00f4nio e tamb\u00e9m do objetivo firmado de fomentar as cultura na cidade, gerando renda e emprego para os profissionais que atuam nessa \u00e1rea e nas \u00e1reas que acabam se beneficiando indiretamente atrav\u00e9s da cultura\u201d, destacou o prefeito Hingo Hammes.<\/p>\n\n\n\n<p>A visita foi acompanhada pelo secret\u00e1rio de Cultura, Adenilson Honorato, e pela empresa contratada para executar as obras de restaura\u00e7\u00e3o do Theatro Dom Pedro. Entre os pontos avaliados, o chapim e a cer\u00e2mica para recomposi\u00e7\u00e3o da fachada.<\/p>\n\n\n\n<p>\u201cN\u00f3s fizemos a an\u00e1lise dos \u00faltimos itens que estavam remanescentes para a aprova\u00e7\u00e3o. O chapim e a cer\u00e2mica da fachada frontal foram aprovados. A parte de pintura est\u00e1 finalizada, s\u00f3 faltam alguns arremates. A parte de instala\u00e7\u00e3o contra inc\u00eandio e p\u00e2nico tamb\u00e9m est\u00e1 praticamente finalizada. E a amostra de p\u00f3 de pedra, na fachada lateral, foi aprovada. Ent\u00e3o poder\u00e1 ser recomposta. Estamos nos preparativos para receber a inaugura\u00e7\u00e3o dessa obra t\u00e3o esperada do Theatro Dom Pedro\u201d, informou a chefe do escrit\u00f3rio t\u00e9cnico regional do Inepac em Petr\u00f3polis, Patr\u00edcia Hugueney.<\/p>\n\n\n\n<p>Depois de quase seis anos fechado e obras paralisadas h\u00e1 meses, as interven\u00e7\u00f5es no Theatro Dom Pedro foram retomadas no dia 13. A previs\u00e3o \u00e9 de que a obra seja conclu\u00edda no prazo de seis meses.<\/p>\n\n\n\n<p>\u201cA gente est\u00e1 fazendo essa vistoria junto com o respons\u00e1vel da obra, olhando a fachada lateral, autorizando a recupera\u00e7\u00e3o da fachada e de outros aspectos aqui da obra. Isso para que o teatro possa voltar para as m\u00e3os dos nosso artistas locais, para ter essa cultura pujante. Logo, logo, n\u00f3s estamos aqui com o nosso teatro inaugurado\u201d, ressaltou o secret\u00e1rio de cultura Adenilson Honorato.<\/p>\n\n\n\n<p>Entre os servi\u00e7os executados est\u00e3o: pinturas, instala\u00e7\u00f5es el\u00e9tricas e hidrossanit\u00e1rias, coloca\u00e7\u00e3o de divis\u00f3rias de granito, execu\u00e7\u00e3o de piso de granitina, entre outros. Al\u00e9m disso, a empresa respons\u00e1vel pela execu\u00e7\u00e3o do sistema de detec\u00e7\u00e3o e alarme de inc\u00eandio via wi-fi j\u00e1 deu in\u00edcio aos servi\u00e7os. Al\u00e9m disso, est\u00e3o sendo realizados servi\u00e7os de acabamento, tanto no pr\u00e9dio anexo, quanto na \u00e1rea dos camarins. &#8220;A empresa respons\u00e1vel pela obra finaliza ainda a instala\u00e7\u00e3o do sinteco e do gesso. O passo seguinte \u00e9 a licita\u00e7\u00e3o para a compra dos aparelhos de ar-condicionado&#8221;, informa o secret\u00e1rio de Obras Maur\u00edcio Veiga.<\/p>\n\n\n\n<p>Al\u00e9m da restaura\u00e7\u00e3o, o Theatro tamb\u00e9m ganhou elevador acess\u00edvel e o anexo est\u00e1 sendo totalmente reformado, contando agora com salas para aulas de m\u00fasica e dan\u00e7a.<\/p>\n","protected":false},"excerpt":{"rendered":"<p>Equipe t\u00e9cnica do \u00f3rg\u00e3o estadual de preserva\u00e7\u00e3o do patrim\u00f4nio visitou a obra nesta quinta-feira (23).<\/p>\n","protected":false},"author":2,"featured_media":97929,"comment_status":"open","ping_status":"open","sticky":false,"template":"","format":"standard","meta":{"footnotes":""},"categories":[12],"tags":[],"class_list":["post-97927","post","type-post","status-publish","format-standard","has-post-thumbnail","hentry","category-cidade"],"_links":{"self":[{"href":"https:\/\/tvc16.com\/portal\/wp-json\/wp\/v2\/posts\/97927","targetHints":{"allow":["GET"]}}],"collection":[{"href":"https:\/\/tvc16.com\/portal\/wp-json\/wp\/v2\/posts"}],"about":[{"href":"https:\/\/tvc16.com\/portal\/wp-json\/wp\/v2\/types\/post"}],"author":[{"embeddable":true,"href":"https:\/\/tvc16.com\/portal\/wp-json\/wp\/v2\/users\/2"}],"replies":[{"embeddable":true,"href":"https:\/\/tvc16.com\/portal\/wp-json\/wp\/v2\/comments?post=97927"}],"version-history":[{"count":1,"href":"https:\/\/tvc16.com\/portal\/wp-json\/wp\/v2\/posts\/97927\/revisions"}],"predecessor-version":[{"id":97930,"href":"https:\/\/tvc16.com\/portal\/wp-json\/wp\/v2\/posts\/97927\/revisions\/97930"}],"wp:featuredmedia":[{"embeddable":true,"href":"https:\/\/tvc16.com\/portal\/wp-json\/wp\/v2\/media\/97929"}],"wp:attachment":[{"href":"https:\/\/tvc16.com\/portal\/wp-json\/wp\/v2\/media?parent=97927"}],"wp:term":[{"taxonomy":"category","embeddable":true,"href":"https:\/\/tvc16.com\/portal\/wp-json\/wp\/v2\/categories?post=97927"},{"taxonomy":"post_tag","embeddable":true,"href":"https:\/\/tvc16.com\/portal\/wp-json\/wp\/v2\/tags?post=97927"}],"curies":[{"name":"wp","href":"https:\/\/api.w.org\/{rel}","templated":true}]}}