{"id":97934,"date":"2025-01-24T08:32:17","date_gmt":"2025-01-24T11:32:17","guid":{"rendered":"https:\/\/tvc16.com\/portal\/?p=97934"},"modified":"2025-01-24T08:32:19","modified_gmt":"2025-01-24T11:32:19","slug":"sindrome-respiratoria-grave-segue-em-queda-nas-ultimas-seis-semanas","status":"publish","type":"post","link":"https:\/\/tvc16.com\/portal\/2025\/01\/24\/sindrome-respiratoria-grave-segue-em-queda-nas-ultimas-seis-semanas\/","title":{"rendered":"S\u00edndrome respirat\u00f3ria grave segue em queda nas \u00faltimas seis semanas"},"content":{"rendered":"\n<p><em>Impacto \u00e9 maior entre idosos e crian\u00e7as pequenas, diz boletim<\/em><\/p>\n\n\n\n<p>Por Douglas Corr\u00eaa \u2013 Rep\u00f3rter da Ag\u00eancia Brasil \/ Foto: Arquivo\/Gilberto Marques\/Governo do Estado de S\u00e3o Paulo<br><\/p>\n\n\n\n<p>O boletim InfoGripe, divulgado nesta quinta-feira (23) pela Funda\u00e7\u00e3o Oswaldo Cruz (Fiocruz) confirma queda do n\u00famero de casos de s\u00edndrome respirat\u00f3ria aguda grave (SRAG) no pa\u00eds. No entanto, a atualiza\u00e7\u00e3o dos dados relativos \u00e0 semana epidemiol\u00f3gica entre 12 e 18 de janeiro indica crescimento da doen\u00e7a em 9 estados: Alagoas, Para\u00edba, Pernambuco, Piau\u00ed, Maranh\u00e3o, Amazonas, Par\u00e1, Rond\u00f4nia e Tocantins.<img decoding=\"async\" src=\"https:\/\/agenciabrasil.ebc.com.br\/ebc.png?id=1627713&amp;o=node\"><img decoding=\"async\" src=\"https:\/\/agenciabrasil.ebc.com.br\/ebc.gif?id=1627713&amp;o=node\"><\/p>\n\n\n\n<p>De acordo com o boletim, a incid\u00eancia semanal m\u00e9dia de SRAG por covid-19 tem apresentado mais impacto entre crian\u00e7as pequenas e idosos, com maiores \u00edndices de mortalidade na popula\u00e7\u00e3o acima de 65 anos.<\/p>\n\n\n\n<p>Segundo a pesquisadora do InfoGripe Tatiana Portella, al\u00e9m do aumento de casos de covid-19 nos idosos, a doen\u00e7a tamb\u00e9m est\u00e1 atingindo jovens e adultos em estados do Norte e Nordeste, como Amazonas, Par\u00e1, Para\u00edba, Rio Grande do Norte e Sergipe.<\/p>\n\n\n\n<p>O boletim InfoGripe registra aumento de casos de SRAG compat\u00edveis com covid-19 no Maranh\u00e3o, em Rond\u00f4nia e no Tocantins, embora ainda n\u00e3o haja dados laboratoriais suficientes nesses estados para confirmar tal associa\u00e7\u00e3o. No Cear\u00e1, os casos de SRAG associados \u00e0 covid-19 est\u00e3o em queda. No Acre, em Alagoas, Pernambuco, no Piau\u00ed e em Roraima, o cen\u00e1rio \u00e9 oscilante, mas recomenda-se aten\u00e7\u00e3o por causa do aumento de casos nas regi\u00f5es Norte e Nordeste. Quatro capitais t\u00eam indicadores de crescimento: Jo\u00e3o Pessoa, Teresina, Manaus e Porto Velho.<\/p>\n\n\n\n<p>Tatiana Portella refor\u00e7ou a recomenda\u00e7\u00e3o do uso de m\u00e1scaras faciais em localidades que registram aumento de casos, sobretudo em ambientes fechados, com maior aglomera\u00e7\u00e3o de pessoas e nos postos de sa\u00fade. A pesquisadora lembrou ainda a necessidade de manter a vacina\u00e7\u00e3o em dia e recomendou que, diante do aparecimento de sintomas de s\u00edndrome gripal, as pessoas fiquem em casa, em isolamento.<br><\/p>\n","protected":false},"excerpt":{"rendered":"<p>Impacto \u00e9 maior entre idosos e crian\u00e7as pequenas, diz boletim Por Douglas Corr\u00eaa \u2013 Rep\u00f3rter<\/p>\n","protected":false},"author":2,"featured_media":97935,"comment_status":"open","ping_status":"open","sticky":false,"template":"","format":"standard","meta":{"footnotes":""},"categories":[17],"tags":[],"class_list":["post-97934","post","type-post","status-publish","format-standard","has-post-thumbnail","hentry","category-outras-noticias"],"_links":{"self":[{"href":"https:\/\/tvc16.com\/portal\/wp-json\/wp\/v2\/posts\/97934","targetHints":{"allow":["GET"]}}],"collection":[{"href":"https:\/\/tvc16.com\/portal\/wp-json\/wp\/v2\/posts"}],"about":[{"href":"https:\/\/tvc16.com\/portal\/wp-json\/wp\/v2\/types\/post"}],"author":[{"embeddable":true,"href":"https:\/\/tvc16.com\/portal\/wp-json\/wp\/v2\/users\/2"}],"replies":[{"embeddable":true,"href":"https:\/\/tvc16.com\/portal\/wp-json\/wp\/v2\/comments?post=97934"}],"version-history":[{"count":1,"href":"https:\/\/tvc16.com\/portal\/wp-json\/wp\/v2\/posts\/97934\/revisions"}],"predecessor-version":[{"id":97936,"href":"https:\/\/tvc16.com\/portal\/wp-json\/wp\/v2\/posts\/97934\/revisions\/97936"}],"wp:featuredmedia":[{"embeddable":true,"href":"https:\/\/tvc16.com\/portal\/wp-json\/wp\/v2\/media\/97935"}],"wp:attachment":[{"href":"https:\/\/tvc16.com\/portal\/wp-json\/wp\/v2\/media?parent=97934"}],"wp:term":[{"taxonomy":"category","embeddable":true,"href":"https:\/\/tvc16.com\/portal\/wp-json\/wp\/v2\/categories?post=97934"},{"taxonomy":"post_tag","embeddable":true,"href":"https:\/\/tvc16.com\/portal\/wp-json\/wp\/v2\/tags?post=97934"}],"curies":[{"name":"wp","href":"https:\/\/api.w.org\/{rel}","templated":true}]}}