{"id":97942,"date":"2025-01-24T08:46:01","date_gmt":"2025-01-24T11:46:01","guid":{"rendered":"https:\/\/tvc16.com\/portal\/?p=97942"},"modified":"2025-01-24T08:46:03","modified_gmt":"2025-01-24T11:46:03","slug":"rede-hoteleira-do-rio-espera-ocupacao-alta-com-temporada-de-shows","status":"publish","type":"post","link":"https:\/\/tvc16.com\/portal\/2025\/01\/24\/rede-hoteleira-do-rio-espera-ocupacao-alta-com-temporada-de-shows\/","title":{"rendered":"Rede hoteleira do Rio espera ocupa\u00e7\u00e3o alta com temporada de shows"},"content":{"rendered":"\n<p><em>\u00cdndices de ocupa\u00e7\u00e3o est\u00e3o em 57,13% e 68,41%, respectivamente<\/em><\/p>\n\n\n\n<p>Por Douglas Corr\u00eaa &#8211; Rep\u00f3rter da Ag\u00eancia Brasil \/ Foto: Rafael Catarcione\/RioTur<\/p>\n\n\n\n<p><\/p>\n\n\n\n<p>A rede hoteleira da cidade do Rio de Janeiro divulgou hoje (23) a primeira pr\u00e9via de 2025 da ocupa\u00e7\u00e3o dos hot\u00e9is do Rio com o&nbsp;<em>show<\/em>&nbsp;marcado para o dia 6 de fevereiro da cantora norte-americana Christina Aguilera e do carnaval carioca, que este ano acontecer\u00e1, entre os dias 1\u00ba e 5 de mar\u00e7o.<img decoding=\"async\" src=\"https:\/\/agenciabrasil.ebc.com.br\/ebc.png?id=1627671&amp;o=node\"><img decoding=\"async\" src=\"https:\/\/agenciabrasil.ebc.com.br\/ebc.gif?id=1627671&amp;o=node\"><\/p>\n\n\n\n<p>De acordo com a pesquisa realizada pelo HoteisRIO, as m\u00e9dias de ocupa\u00e7\u00e3o hoteleira est\u00e3o em 57,13% e 68,41%, respectivamente.<\/p>\n\n\n\n<p>A procura por hospedagens pela presen\u00e7a da artista norte-americana, que se apresentar\u00e1 no Farmasi Arena, na Barra da Tijuca, est\u00e1 em alta. Entre as regi\u00f5es mais procuradas est\u00e3o os hot\u00e9is das regi\u00f5es do Leme\/Copacabana, com 78,70%, Ipanema\/Leblon (59,24%), Barra\/Recreio\/S\u00e3o Conrado (55,97%), Flamengo\/Botafogo (49,99%) e Centro, com 29,63%.<\/p>\n\n\n\n<p>A pr\u00e9via da rede hoteleira para o carnaval 2025 registra no Leme e Copacabana, na zona sul do Rio \u00edndice de 83,74%, seguida pelo centro da cidade, com 79,22%, Flamengo\/Botafogo, com 74,20%, Ipanema\/Leblon (65,73%) e Barra\/Recreio\/S\u00e3o Conrado (55,02%).<\/p>\n\n\n\n<p>O presidente do Hot\u00e9isRIO, Alfredo Lopes, disse que o ano de 2025 come\u00e7ou bem, com&nbsp;<em>shows<\/em>&nbsp;e a expectativa de bons resultados no carnaval. \u201cO fato de o carnaval acontecer em mar\u00e7o faz com que turistas nacionais tenham tempo de se organizar financeiramente e abre a possibilidade de que quem veio participar da festa da virada queira voltar\u201d.<\/p>\n\n\n\n<p>Segundo Lopes, o&nbsp;<em>R\u00e9veillon<\/em>&nbsp;funciona como um cart\u00e3o de boas-vindas para que os visitantes conhe\u00e7am melhor a cidade e se interessem em participar de outra grande festa. \u201cO carnaval em mar\u00e7o estica a alta temporada no Rio, com uma procura maior da rede hoteleira, aquecida com o ver\u00e3o carioca\u201d, avaliou.<br><\/p>\n","protected":false},"excerpt":{"rendered":"<p>\u00cdndices de ocupa\u00e7\u00e3o est\u00e3o em 57,13% e 68,41%, respectivamente Por Douglas Corr\u00eaa &#8211; Rep\u00f3rter da<\/p>\n","protected":false},"author":2,"featured_media":97943,"comment_status":"open","ping_status":"open","sticky":false,"template":"","format":"standard","meta":{"footnotes":""},"categories":[17],"tags":[],"class_list":["post-97942","post","type-post","status-publish","format-standard","has-post-thumbnail","hentry","category-outras-noticias"],"_links":{"self":[{"href":"https:\/\/tvc16.com\/portal\/wp-json\/wp\/v2\/posts\/97942","targetHints":{"allow":["GET"]}}],"collection":[{"href":"https:\/\/tvc16.com\/portal\/wp-json\/wp\/v2\/posts"}],"about":[{"href":"https:\/\/tvc16.com\/portal\/wp-json\/wp\/v2\/types\/post"}],"author":[{"embeddable":true,"href":"https:\/\/tvc16.com\/portal\/wp-json\/wp\/v2\/users\/2"}],"replies":[{"embeddable":true,"href":"https:\/\/tvc16.com\/portal\/wp-json\/wp\/v2\/comments?post=97942"}],"version-history":[{"count":1,"href":"https:\/\/tvc16.com\/portal\/wp-json\/wp\/v2\/posts\/97942\/revisions"}],"predecessor-version":[{"id":97944,"href":"https:\/\/tvc16.com\/portal\/wp-json\/wp\/v2\/posts\/97942\/revisions\/97944"}],"wp:featuredmedia":[{"embeddable":true,"href":"https:\/\/tvc16.com\/portal\/wp-json\/wp\/v2\/media\/97943"}],"wp:attachment":[{"href":"https:\/\/tvc16.com\/portal\/wp-json\/wp\/v2\/media?parent=97942"}],"wp:term":[{"taxonomy":"category","embeddable":true,"href":"https:\/\/tvc16.com\/portal\/wp-json\/wp\/v2\/categories?post=97942"},{"taxonomy":"post_tag","embeddable":true,"href":"https:\/\/tvc16.com\/portal\/wp-json\/wp\/v2\/tags?post=97942"}],"curies":[{"name":"wp","href":"https:\/\/api.w.org\/{rel}","templated":true}]}}