{"id":97959,"date":"2025-01-24T11:00:06","date_gmt":"2025-01-24T14:00:06","guid":{"rendered":"https:\/\/tvc16.com\/portal\/?p=97959"},"modified":"2025-01-25T11:17:46","modified_gmt":"2025-01-25T14:17:46","slug":"temporada-de-ensaios-no-sambodromo-do-rio-comeca-amanha","status":"publish","type":"post","link":"https:\/\/tvc16.com\/portal\/2025\/01\/24\/temporada-de-ensaios-no-sambodromo-do-rio-comeca-amanha\/","title":{"rendered":"Temporada de ensaios no Samb\u00f3dromo do Rio come\u00e7a neste s\u00e1bado"},"content":{"rendered":"\n<p><em>P\u00fablico tem acesso gratuito \u00e0s arquibancadas<\/em><\/p>\n\n\n\n<p>Por Bruno de Freitas Moura &#8211; Rep\u00f3rter da Ag\u00eancia Brasil \/ Foto: Rafael Catarcione\/Prefeitura do Rio<\/p>\n\n\n\n<p><\/p>\n\n\n\n<p>Come\u00e7a \u00e0s 19h deste s\u00e1bado (25) a temporada de ensaios t\u00e9cnicos das escolas de samba do grupo de elite do carnaval carioca. Tr\u00eas escolas passar\u00e3o pelo samb\u00f3dromo da Marqu\u00eas de Sapuca\u00ed, no centro do Rio de Janeiro, com entrada gratuita.<img decoding=\"async\" src=\"https:\/\/agenciabrasil.ebc.com.br\/ebc.png?id=1627661&amp;o=node\"><img decoding=\"async\" src=\"https:\/\/agenciabrasil.ebc.com.br\/ebc.gif?id=1627661&amp;o=node\"><\/p>\n\n\n\n<p>A primeira agremia\u00e7\u00e3o a entrar ser\u00e1 a Unidos de Padre Miguel, campe\u00e3 da S\u00e9rie Ouro em 2024 &#8211; segunda divis\u00e3o &#8211; e que retorna \u00e0 primeira divis\u00e3o depois de 53 anos. As outras escolas que estar\u00e3o no samb\u00f3dromo no s\u00e1bado s\u00e3o a Unidos da Tijuca e a Mocidade Independente de Padre Miguel.<\/p>\n\n\n\n<p>Os ensaios t\u00e9cnicos s\u00e3o oportunidade de as escolas de samba levarem componentes para percorrerem a avenida, terem contato com o samba-enredo, simular o desfile e ajustar coreografias e entrosamento entre as alas. Nessa fase, os carros aleg\u00f3ricos, as fantasias e algumas surpresas ainda n\u00e3o s\u00e3o revelados para o p\u00fablico.<\/p>\n\n\n\n<p>De acordo com a diretora de comunica\u00e7\u00e3o da Liga Independente das Escolas de Samba do Rio de Janeiro (Liesa), Natalia Louise, \u201c\u00e9 um momento especial de conex\u00e3o entre as escolas de samba e seus torcedores\u201d.&nbsp;<\/p>\n\n\n\n<p>A Liesa n\u00e3o divulga expectativa de p\u00fablico.<\/p>\n\n\n\n<p>Todos os s\u00e1bados at\u00e9 15 de fevereiro, quando a atual campe\u00e3, Viradouro, fechar\u00e1 a noite, ser\u00e3o tr\u00eas agremia\u00e7\u00f5es por dia se apresentando.<\/p>\n\n\n\n<p>Nos dias 21 (sexta-feira), 22 (s\u00e1bado) e 23 (domingo) de fevereiro, os ensaios ser\u00e3o acompanhados por testes de som e luz do samb\u00f3dromo. Ser\u00e3o quatro escolas em cada um desses tr\u00eas dias.<\/p>\n\n\n\n<p>Cada uma das 12 escolas far\u00e1 dois ensaios t\u00e9cnicos na Marqu\u00eas de Sapuca\u00ed em janeiro e fevereiro.<\/p>\n\n\n\n<p>No dia 22 de fevereiro, haver\u00e1 tamb\u00e9m o&nbsp;<a href=\"https:\/\/agenciabrasil.ebc.com.br\/geral\/noticia\/2024-02\/lavagem-da-sapucai-reune-fe-e-festa-para-garantir-sucesso-do-carnaval\" target=\"_blank\" rel=\"noreferrer noopener\">rito ecum\u00eanico da lavagem da pista<\/a>.<\/p>\n\n\n\n<p>Os desfiles oficiais ser\u00e3o no domingo (2), segunda-feira (3) e ter\u00e7a-feira (4) de mar\u00e7o. Ser\u00e1 a primeira vez que o carnaval carioca ter\u00e1 tr\u00eas noites de desfiles, em vez de apenas dois.<\/p>\n\n\n\n<p>Confira a agenda de ensaios:<\/p>\n\n\n\n<p>19h &#8211; Unidos de Padre Miguel<\/p>\n\n\n\n<p>20h40 &#8211; Unidos da Tijuca<\/p>\n\n\n\n<p>22h20 &#8211; Mocidade Independente<\/p>\n\n\n\n<p>1\u00ba de fevereiro:<\/p>\n\n\n\n<p>19h &#8211; Para\u00edso do Tuiuti<\/p>\n\n\n\n<p>20h40 &#8211; Beija-Flor<\/p>\n\n\n\n<p>22h20 &#8211; Mangueira<\/p>\n\n\n\n<p>08 de fevereiro:<\/p>\n\n\n\n<p>19h &#8211; Vila Isabel<\/p>\n\n\n\n<p>20h40 &#8211; Portela<\/p>\n\n\n\n<p>22h20 &#8211; Grande Rio<\/p>\n\n\n\n<p>15 de fevereiro:<\/p>\n\n\n\n<p>19h &#8211; Salgueiro<\/p>\n\n\n\n<p>20h40 &#8211; Imperatriz Leopoldinense<\/p>\n\n\n\n<p>22h20 &#8211; Viradouro<\/p>\n\n\n\n<p>21 de fevereiro (teste de luz e som):<\/p>\n\n\n\n<p>21h &#8211; Unidos de Padre Miguel<\/p>\n\n\n\n<p>22h40 &#8211; Unidos da Tijuca<\/p>\n\n\n\n<p>0h30 &#8211; Mocidade Independente<\/p>\n\n\n\n<p>1h40 &#8211; Para\u00edso do Tuiuti<\/p>\n\n\n\n<p>22 de fevereiro (teste de luz e som):<\/p>\n\n\n\n<p>18h \u2013 Lavagem da pista (cerim\u00f4nia simb\u00f3lica)<\/p>\n\n\n\n<p>19h &#8211; Beija-Flor<\/p>\n\n\n\n<p>20h30 &#8211; Mangueira<\/p>\n\n\n\n<p>22h10 &#8211; Vila Isabel<\/p>\n\n\n\n<p>23h50 &#8211; Portela<\/p>\n\n\n\n<p>23 de fevereiro (teste de luz e som):<\/p>\n\n\n\n<p>19h &#8211; Salgueiro<\/p>\n\n\n\n<p>20h30 &#8211; Grande Rio<\/p>\n\n\n\n<p>22h10 &#8211; Imperatriz Leopoldinense<\/p>\n\n\n\n<p>23h50 \u2013 Viradouro<br><\/p>\n","protected":false},"excerpt":{"rendered":"<p>P\u00fablico tem acesso gratuito \u00e0s arquibancadas Por Bruno de Freitas Moura &#8211; Rep\u00f3rter da Ag\u00eancia<\/p>\n","protected":false},"author":2,"featured_media":97960,"comment_status":"open","ping_status":"open","sticky":false,"template":"","format":"standard","meta":{"footnotes":""},"categories":[1],"tags":[],"class_list":["post-97959","post","type-post","status-publish","format-standard","has-post-thumbnail","hentry","category-uncategorized"],"_links":{"self":[{"href":"https:\/\/tvc16.com\/portal\/wp-json\/wp\/v2\/posts\/97959","targetHints":{"allow":["GET"]}}],"collection":[{"href":"https:\/\/tvc16.com\/portal\/wp-json\/wp\/v2\/posts"}],"about":[{"href":"https:\/\/tvc16.com\/portal\/wp-json\/wp\/v2\/types\/post"}],"author":[{"embeddable":true,"href":"https:\/\/tvc16.com\/portal\/wp-json\/wp\/v2\/users\/2"}],"replies":[{"embeddable":true,"href":"https:\/\/tvc16.com\/portal\/wp-json\/wp\/v2\/comments?post=97959"}],"version-history":[{"count":2,"href":"https:\/\/tvc16.com\/portal\/wp-json\/wp\/v2\/posts\/97959\/revisions"}],"predecessor-version":[{"id":97962,"href":"https:\/\/tvc16.com\/portal\/wp-json\/wp\/v2\/posts\/97959\/revisions\/97962"}],"wp:featuredmedia":[{"embeddable":true,"href":"https:\/\/tvc16.com\/portal\/wp-json\/wp\/v2\/media\/97960"}],"wp:attachment":[{"href":"https:\/\/tvc16.com\/portal\/wp-json\/wp\/v2\/media?parent=97959"}],"wp:term":[{"taxonomy":"category","embeddable":true,"href":"https:\/\/tvc16.com\/portal\/wp-json\/wp\/v2\/categories?post=97959"},{"taxonomy":"post_tag","embeddable":true,"href":"https:\/\/tvc16.com\/portal\/wp-json\/wp\/v2\/tags?post=97959"}],"curies":[{"name":"wp","href":"https:\/\/api.w.org\/{rel}","templated":true}]}}