{"id":97966,"date":"2025-01-24T11:24:43","date_gmt":"2025-01-24T14:24:43","guid":{"rendered":"https:\/\/tvc16.com\/portal\/?p=97966"},"modified":"2025-01-24T11:24:45","modified_gmt":"2025-01-24T14:24:45","slug":"contribuintes-de-petropolis-ja-podem-emitir-o-iss-fixo-2025","status":"publish","type":"post","link":"https:\/\/tvc16.com\/portal\/2025\/01\/24\/contribuintes-de-petropolis-ja-podem-emitir-o-iss-fixo-2025\/","title":{"rendered":"Contribuintes de Petr\u00f3polis j\u00e1 podem emitir o ISS Fixo 2025"},"content":{"rendered":"\n<p><em>Prazo para cota \u00fanica com 12% de desconto e primeira parcela vai at\u00e9 28 de fevereiro deste ano<\/em><\/p>\n\n\n\n<p>Os prestadores de servi\u00e7os cadastrados no munic\u00edpio de Petr\u00f3polis j\u00e1 podem acessar os boletos para o pagamento do Imposto Sobre Servi\u00e7os (ISS) Fixo referente ao exerc\u00edcio de 2025. A cota \u00fanica, que oferece 12% de desconto, tem vencimento marcado o \u00faltimo dia \u00fatil de fevereiro, que cai em um sexta-feira (28)<\/p>\n\n\n\n<p>Aqueles que preferirem parcelar o imposto poder\u00e3o optar por at\u00e9 11 parcelas, com a primeira vencendo tamb\u00e9m no dia 28 de fevereiro. O ISS Fixo pode ser pago por todos os prestadores de servi\u00e7os aut\u00f4nomos devidamente cadastrados no munic\u00edpio.<\/p>\n\n\n\n<p>O tributo municipal \u00e9 uma obriga\u00e7\u00e3o que deve ser cumprida dentro do prazo para evitar penalidades.<\/p>\n\n\n\n<p>\u201cEstamos disponibilizando a possibilidade de pagamento \u00e0 vista, com desconto atrativo, ou parcelado, de forma a facilitar para os contribuintes. \u00c9 importante que todos regularizem a situa\u00e7\u00e3o\u201d, destacou o prefeito Hingo Hammes.<\/p>\n\n\n\n<p>Os boletos est\u00e3o dispon\u00edveis para emiss\u00e3o no portal do ISS ou no atendimento presencial da Secretaria de Fazenda.<\/p>\n\n\n\n<p>\u201cQueremos garantir praticidade no processo e orientar os contribuintes para que todos possam cumprir com as suas obriga\u00e7\u00f5es dentro do prazo&#8221;, explicou o secret\u00e1rio de Fazenda, Fabio Junior.<\/p>\n\n\n\n<p>A Secretaria de Fazenda refor\u00e7a que os contribuintes inadimplentes est\u00e3o sujeitos a medidas como execu\u00e7\u00e3o fiscal, protesto extrajudicial, suspens\u00e3o ou cancelamento da inscri\u00e7\u00e3o municipal e impedimento para retirada de Certid\u00e3o Negativa de D\u00e9bito. Essas a\u00e7\u00f5es, al\u00e9m do ac\u00famulo de multas e juros, podem dificultar a atua\u00e7\u00e3o dos prestadores de servi\u00e7os.<\/p>\n","protected":false},"excerpt":{"rendered":"<p>Prazo para cota \u00fanica com 12% de desconto e primeira parcela vai at\u00e9 28 de<\/p>\n","protected":false},"author":2,"featured_media":96474,"comment_status":"open","ping_status":"open","sticky":false,"template":"","format":"standard","meta":{"footnotes":""},"categories":[12],"tags":[],"class_list":["post-97966","post","type-post","status-publish","format-standard","has-post-thumbnail","hentry","category-cidade"],"_links":{"self":[{"href":"https:\/\/tvc16.com\/portal\/wp-json\/wp\/v2\/posts\/97966","targetHints":{"allow":["GET"]}}],"collection":[{"href":"https:\/\/tvc16.com\/portal\/wp-json\/wp\/v2\/posts"}],"about":[{"href":"https:\/\/tvc16.com\/portal\/wp-json\/wp\/v2\/types\/post"}],"author":[{"embeddable":true,"href":"https:\/\/tvc16.com\/portal\/wp-json\/wp\/v2\/users\/2"}],"replies":[{"embeddable":true,"href":"https:\/\/tvc16.com\/portal\/wp-json\/wp\/v2\/comments?post=97966"}],"version-history":[{"count":1,"href":"https:\/\/tvc16.com\/portal\/wp-json\/wp\/v2\/posts\/97966\/revisions"}],"predecessor-version":[{"id":97967,"href":"https:\/\/tvc16.com\/portal\/wp-json\/wp\/v2\/posts\/97966\/revisions\/97967"}],"wp:featuredmedia":[{"embeddable":true,"href":"https:\/\/tvc16.com\/portal\/wp-json\/wp\/v2\/media\/96474"}],"wp:attachment":[{"href":"https:\/\/tvc16.com\/portal\/wp-json\/wp\/v2\/media?parent=97966"}],"wp:term":[{"taxonomy":"category","embeddable":true,"href":"https:\/\/tvc16.com\/portal\/wp-json\/wp\/v2\/categories?post=97966"},{"taxonomy":"post_tag","embeddable":true,"href":"https:\/\/tvc16.com\/portal\/wp-json\/wp\/v2\/tags?post=97966"}],"curies":[{"name":"wp","href":"https:\/\/api.w.org\/{rel}","templated":true}]}}