{"id":97972,"date":"2025-01-25T11:28:37","date_gmt":"2025-01-25T14:28:37","guid":{"rendered":"https:\/\/tvc16.com\/portal\/?p=97972"},"modified":"2025-01-25T11:28:39","modified_gmt":"2025-01-25T14:28:39","slug":"fim-de-semana-sera-de-chuva-em-quase-todo-o-pais","status":"publish","type":"post","link":"https:\/\/tvc16.com\/portal\/2025\/01\/25\/fim-de-semana-sera-de-chuva-em-quase-todo-o-pais\/","title":{"rendered":"Fim de semana ser\u00e1 de chuva em quase todo o pa\u00eds"},"content":{"rendered":"\n<p>O fim de semana deve ser de pancadas de chuva em grande parte do pa\u00eds, acompanhadas de trovoadas isoladas em algumas regi\u00f5es. A previs\u00e3o \u00e9 do Instituto Nacional de Meteorologia (Inmet).<img decoding=\"async\" src=\"https:\/\/agenciabrasil.ebc.com.br\/ebc.png?id=1627925&amp;o=node\"><img decoding=\"async\" src=\"https:\/\/agenciabrasil.ebc.com.br\/ebc.gif?id=1627925&amp;o=node\"><\/p>\n\n\n\n<p>Em \u00e1reas do Amazonas e do Par\u00e1, um aviso meteorol\u00f3gico laranja &#8211; de perigo &#8211; alerta para chuvas que podem chegar a 100 mil\u00edmetros por dia (mm\/dia) e rajadas de vento de at\u00e9 100 quil\u00f4metros por hora (km\/h).<\/p>\n\n\n\n<p>As temperaturas devem se manter elevadas ao longo do fim de semana, podendo ultrapassar 30 graus C\u00e9lsius (\u00b0C) no centro-norte do pa\u00eds. No Rio de Janeiro, a previs\u00e3o \u00e9 de m\u00e1xima de 38\u00b0C tanto neste s\u00e1bado (25) quanto no domingo (26).<\/p>\n\n\n\n<p>\u201cApesar das chuvas pelo pa\u00eds, alguns estados ter\u00e3o um final de semana com previs\u00e3o de muitas nuvens, com destaque para o interior da Bahia, Esp\u00edrito Santo e nordeste de Minas Gerais\u201d, informou o Inmet.<\/p>\n\n\n\n<p>Nessas localidades, as temperaturas m\u00e1ximas devem alcan\u00e7ar 33\u00b0C, 35\u00b0C e 32\u00b0C, respectivamente, nas capitais.<\/p>\n\n\n\n<h2 class=\"wp-block-heading\">Tempestades<\/h2>\n\n\n\n<p>Ainda segundo a Meteorologia, a combina\u00e7\u00e3o de altas temperaturas e umidade elevada pode potencializar a ocorr\u00eancia de tempestades, acompanhadas de raios e queda de granizo em \u00e1reas das regi\u00f5es Sul, Sudeste e Centro-Oeste.<\/p>\n\n\n\n<p>Diante deste cen\u00e1rio, um aviso meteorol\u00f3gico amarelo, de perigo potencial, foi emitido. H\u00e1 a possibilidade de at\u00e9 50 mm de precipita\u00e7\u00e3o em um \u00fanico dia, al\u00e9m de rajadas de vento que podem chegar a 60 km\/h.<\/p>\n\n\n\n<p>Paula Laboissi\u00e8re \u2013 Rep\u00f3rter da Ag\u00eancia Brasil<br>Foto: \u00a9 Paulo Pinto\/Ag\u00eancia Brasil<br><\/p>\n","protected":false},"excerpt":{"rendered":"<p>O fim de semana deve ser de pancadas de chuva em grande parte do pa\u00eds,<\/p>\n","protected":false},"author":2,"featured_media":97973,"comment_status":"open","ping_status":"open","sticky":false,"template":"","format":"standard","meta":{"footnotes":""},"categories":[17],"tags":[],"class_list":["post-97972","post","type-post","status-publish","format-standard","has-post-thumbnail","hentry","category-outras-noticias"],"_links":{"self":[{"href":"https:\/\/tvc16.com\/portal\/wp-json\/wp\/v2\/posts\/97972","targetHints":{"allow":["GET"]}}],"collection":[{"href":"https:\/\/tvc16.com\/portal\/wp-json\/wp\/v2\/posts"}],"about":[{"href":"https:\/\/tvc16.com\/portal\/wp-json\/wp\/v2\/types\/post"}],"author":[{"embeddable":true,"href":"https:\/\/tvc16.com\/portal\/wp-json\/wp\/v2\/users\/2"}],"replies":[{"embeddable":true,"href":"https:\/\/tvc16.com\/portal\/wp-json\/wp\/v2\/comments?post=97972"}],"version-history":[{"count":1,"href":"https:\/\/tvc16.com\/portal\/wp-json\/wp\/v2\/posts\/97972\/revisions"}],"predecessor-version":[{"id":97974,"href":"https:\/\/tvc16.com\/portal\/wp-json\/wp\/v2\/posts\/97972\/revisions\/97974"}],"wp:featuredmedia":[{"embeddable":true,"href":"https:\/\/tvc16.com\/portal\/wp-json\/wp\/v2\/media\/97973"}],"wp:attachment":[{"href":"https:\/\/tvc16.com\/portal\/wp-json\/wp\/v2\/media?parent=97972"}],"wp:term":[{"taxonomy":"category","embeddable":true,"href":"https:\/\/tvc16.com\/portal\/wp-json\/wp\/v2\/categories?post=97972"},{"taxonomy":"post_tag","embeddable":true,"href":"https:\/\/tvc16.com\/portal\/wp-json\/wp\/v2\/tags?post=97972"}],"curies":[{"name":"wp","href":"https:\/\/api.w.org\/{rel}","templated":true}]}}