{"id":97975,"date":"2025-01-25T11:31:57","date_gmt":"2025-01-25T14:31:57","guid":{"rendered":"https:\/\/tvc16.com\/portal\/?p=97975"},"modified":"2025-01-25T11:31:59","modified_gmt":"2025-01-25T14:31:59","slug":"ministerios-firmam-acordo-de-politica-para-pessoas-com-deficiencia","status":"publish","type":"post","link":"https:\/\/tvc16.com\/portal\/2025\/01\/25\/ministerios-firmam-acordo-de-politica-para-pessoas-com-deficiencia\/","title":{"rendered":"Minist\u00e9rios firmam acordo de pol\u00edtica para pessoas com defici\u00eancia"},"content":{"rendered":"\n<p>O Minist\u00e9rio da Sa\u00fade e o Minist\u00e9rio do Esporte firmaram acordo de coopera\u00e7\u00e3o t\u00e9cnica para promover pol\u00edticas p\u00fablicas integradas destinadas a pessoas com defici\u00eancia, incluindo transtorno do espectro do autismo (TEA).<img decoding=\"async\" src=\"https:\/\/agenciabrasil.ebc.com.br\/ebc.png?id=1627924&amp;o=node\"><img decoding=\"async\" src=\"https:\/\/agenciabrasil.ebc.com.br\/ebc.gif?id=1627924&amp;o=node\"><\/p>\n\n\n\n<p>Em nota, o Minist\u00e9rio da Sa\u00fade informou que a proposta \u00e9 implementar a pr\u00e1tica do paradesporto em centros especializados em reabilita\u00e7\u00e3o da Rede de Cuidados \u00e0 Pessoa com Defici\u00eancia.<\/p>\n\n\n\n<p>\u201cA iniciativa busca fortalecer os cuidados intersetoriais, promovendo o interc\u00e2mbio de programas, conhecimentos e experi\u00eancias, al\u00e9m de ampliar a coopera\u00e7\u00e3o t\u00e9cnico-cient\u00edfica entre os dois minist\u00e9rios. O acordo reafirma o compromisso do Brasil com a inclus\u00e3o social, a promo\u00e7\u00e3o dos direitos humanos e a melhoria da qualidade de vida das pessoas com defici\u00eancia. A pr\u00e1tica esportiva ocupa um lugar central nesse esfor\u00e7o\u201d, diz o Minist\u00e9rio da Sa\u00fade.&nbsp;<\/p>\n\n\n\n<p>O comunicado destaca ainda outras frentes para amplia\u00e7\u00e3o e manuten\u00e7\u00e3o da Rede de Cuidados \u00e0 Pessoa com Defici\u00eancia dentro do Sistema \u00danico de Sa\u00fade (SUS). O novo Programa de Acelera\u00e7\u00e3o do Crescimento (PAC) prev\u00ea a constru\u00e7\u00e3o de novos centros especializados de reabilita\u00e7\u00e3o (CER) e de novas oficinas ortop\u00e9dicas. O objetivo \u00e9 cobrir vazios assistenciais desse tipo de servi\u00e7o no pa\u00eds.<\/p>\n\n\n\n<h2 class=\"wp-block-heading\">A\u00e7\u00f5es previstas<\/h2>\n\n\n\n<p>No que diz respeito ao Minist\u00e9rio do Esporte, o acordo define como responsabilidades da Secretaria Nacional do Paradesporto:<\/p>\n\n\n\n<p>&#8211; promover e fortalecer a\u00e7\u00f5es e programas paradesportivos, especialmente no \u00e2mbito do Programa TEAtivo;<\/p>\n\n\n\n<p>&#8211; fomentar o avan\u00e7o cient\u00edfico e tecnol\u00f3gico relacionado \u00e0 atividade f\u00edsica para pessoas com defici\u00eancia;<\/p>\n\n\n\n<p>&#8211; compartilhar informa\u00e7\u00f5es sobre pol\u00edticas p\u00fablicas paradesportivas;<\/p>\n\n\n\n<p>&#8211; e cooperar na gera\u00e7\u00e3o e difus\u00e3o de conhecimentos t\u00e9cnico-cient\u00edficos.<\/p>\n\n\n\n<h2 class=\"wp-block-heading\">Responsabilidades<\/h2>\n\n\n\n<p>Para o Minist\u00e9rio da Sa\u00fade, o acordo define como responsabilidades da Secretaria de Aten\u00e7\u00e3o Especializada \u00e0 Sa\u00fade a\u00e7\u00f5es como:<\/p>\n\n\n\n<p>&#8211; atuar na intermedia\u00e7\u00e3o de parcerias com outros \u00f3rg\u00e3os governamentais que possam contribuir com a\u00e7\u00f5es relacionadas;<\/p>\n\n\n\n<p>&#8211; cooperar na gera\u00e7\u00e3o e difus\u00e3o de conhecimentos t\u00e9cnico-cient\u00edficos relacionados ao tema;<\/p>\n\n\n\n<p>&#8211; compartilhar informa\u00e7\u00f5es sobre pol\u00edticas p\u00fablicas de sa\u00fade destinadas a pessoas com defici\u00eancia, observados os limites do disposto na Lei Geral de Prote\u00e7\u00e3o de Dados;<\/p>\n\n\n\n<p>&#8211; colaborar para a divulga\u00e7\u00e3o e a conscientiza\u00e7\u00e3o do p\u00fablico envolvido para o alcance dos resultados esperados de a\u00e7\u00f5es, projetos e programas previstos.<\/p>\n\n\n\n<p>Paula Laboissi\u00e8re \u2013 Rep\u00f3rter da Ag\u00eancia Brasil<br>Foto \u00a9 Paulo Pinto\/Ag\u00eancia Brasil<br><\/p>\n","protected":false},"excerpt":{"rendered":"<p>O Minist\u00e9rio da Sa\u00fade e o Minist\u00e9rio do Esporte firmaram acordo de coopera\u00e7\u00e3o t\u00e9cnica para<\/p>\n","protected":false},"author":2,"featured_media":97976,"comment_status":"open","ping_status":"open","sticky":false,"template":"","format":"standard","meta":{"footnotes":""},"categories":[17],"tags":[],"class_list":["post-97975","post","type-post","status-publish","format-standard","has-post-thumbnail","hentry","category-outras-noticias"],"_links":{"self":[{"href":"https:\/\/tvc16.com\/portal\/wp-json\/wp\/v2\/posts\/97975","targetHints":{"allow":["GET"]}}],"collection":[{"href":"https:\/\/tvc16.com\/portal\/wp-json\/wp\/v2\/posts"}],"about":[{"href":"https:\/\/tvc16.com\/portal\/wp-json\/wp\/v2\/types\/post"}],"author":[{"embeddable":true,"href":"https:\/\/tvc16.com\/portal\/wp-json\/wp\/v2\/users\/2"}],"replies":[{"embeddable":true,"href":"https:\/\/tvc16.com\/portal\/wp-json\/wp\/v2\/comments?post=97975"}],"version-history":[{"count":1,"href":"https:\/\/tvc16.com\/portal\/wp-json\/wp\/v2\/posts\/97975\/revisions"}],"predecessor-version":[{"id":97977,"href":"https:\/\/tvc16.com\/portal\/wp-json\/wp\/v2\/posts\/97975\/revisions\/97977"}],"wp:featuredmedia":[{"embeddable":true,"href":"https:\/\/tvc16.com\/portal\/wp-json\/wp\/v2\/media\/97976"}],"wp:attachment":[{"href":"https:\/\/tvc16.com\/portal\/wp-json\/wp\/v2\/media?parent=97975"}],"wp:term":[{"taxonomy":"category","embeddable":true,"href":"https:\/\/tvc16.com\/portal\/wp-json\/wp\/v2\/categories?post=97975"},{"taxonomy":"post_tag","embeddable":true,"href":"https:\/\/tvc16.com\/portal\/wp-json\/wp\/v2\/tags?post=97975"}],"curies":[{"name":"wp","href":"https:\/\/api.w.org\/{rel}","templated":true}]}}