{"id":97978,"date":"2025-01-26T10:02:48","date_gmt":"2025-01-26T13:02:48","guid":{"rendered":"https:\/\/tvc16.com\/portal\/?p=97978"},"modified":"2025-01-26T10:04:20","modified_gmt":"2025-01-26T13:04:20","slug":"criacao-do-conselho-municipal-da-diversidade-sexual-e-de-genero-e-aprovada","status":"publish","type":"post","link":"https:\/\/tvc16.com\/portal\/2025\/01\/26\/criacao-do-conselho-municipal-da-diversidade-sexual-e-de-genero-e-aprovada\/","title":{"rendered":"Cria\u00e7\u00e3o do Conselho Municipal da Diversidade Sexual e de G\u00eanero \u00e9 aprovada"},"content":{"rendered":"\n<p><em>A vereadora Professora L\u00edvia Miranda aprovou no dia 23 de janeiro, na C\u00e2mara Municipal de Petr\u00f3polis, a cria\u00e7\u00e3o do Conselho Municipal da Diversidade Sexual e de G\u00eanero<\/em><\/p>\n\n\n\n<p>A aprova\u00e7\u00e3o do Projeto de Lei N\u00ba 1872\/2025, para a Cria\u00e7\u00e3o do Conselho Municipal dos Direitos de Diversidade Sexual e de G\u00eanero (COMDIS), \u00e9 um feito hist\u00f3rico na cidade, que contabiliza casos de viol\u00eancia contra pessoas LGBTQIAPN+.<\/p>\n\n\n\n<p>O Conselho da Diversidade Sexual e de G\u00eanero \u00e9 um \u00f3rg\u00e3o consultivo e deliberativo, formado paritariamente por membros do governo municipal e da sociedade civil, para propor e fiscalizar pol\u00edticas p\u00fablicas de promo\u00e7\u00e3o e defesa dos direitos de pessoas da comunidade. O Projeto tamb\u00e9m institui o Fundo Municipal da Diversidade Sexual e de G\u00eanero (FUNDIS) para captar e aplicar recursos em pol\u00edticas p\u00fablicas deliberadas pelo Conselho.<\/p>\n\n\n\n<p>A conquista do Conselho abre espa\u00e7o para p\u00f4r fim \u00e0 invisibilidade desta parcela da popula\u00e7\u00e3o, que amplia o direito de viver em plenitude e de ocupar os espa\u00e7os de import\u00e2ncia social. Os direitos humanos e a pol\u00edtica precisam incluir, proteger e fortalecer todas as pessoas, especialmente aquelas que h\u00e1 s\u00e9culos t\u00eam sido marginalizadas e exclu\u00eddas.<\/p>\n\n\n\n<p>A vereadora se emocionou na plen\u00e1ria, enquanto exp\u00f4s a import\u00e2ncia deste avan\u00e7o dos direitos sociais na cidade: &#8220;Esta vit\u00f3ria n\u00e3o \u00e9 para a nossa mandata, \u00e9 para a cidade, \u00e9 da comunidade LGBT de Petr\u00f3polis, que algum tempo atr\u00e1s ocupou esta casa numa audi\u00eancia p\u00fablica, em que a gente discutia a morte de pessoas. Agora, a gente cria um espa\u00e7o de debate na cidade. \u00c9 com muito orgulho que eu fa\u00e7o parte desta legislatura, que pode trazer or\u00e7amento com o fundo&#8221;, disse a professora.<\/p>\n\n\n\n<p>\u00c9 a vit\u00f3ria de cada pessoa que resistiu, que lutou, que sonhou com um futuro mais justo e de um novo cap\u00edtulo na hist\u00f3ria da luta por igualdade, respeito e reconhecimento em Petr\u00f3polis.<\/p>\n\n\n\n<p>Foto: divulga\u00e7\u00e3o<\/p>\n","protected":false},"excerpt":{"rendered":"<p>A vereadora Professora L\u00edvia Miranda aprovou no dia 23 de janeiro, na C\u00e2mara Municipal de<\/p>\n","protected":false},"author":2,"featured_media":97979,"comment_status":"open","ping_status":"open","sticky":false,"template":"","format":"standard","meta":{"footnotes":""},"categories":[12,1],"tags":[],"class_list":["post-97978","post","type-post","status-publish","format-standard","has-post-thumbnail","hentry","category-cidade","category-uncategorized"],"_links":{"self":[{"href":"https:\/\/tvc16.com\/portal\/wp-json\/wp\/v2\/posts\/97978","targetHints":{"allow":["GET"]}}],"collection":[{"href":"https:\/\/tvc16.com\/portal\/wp-json\/wp\/v2\/posts"}],"about":[{"href":"https:\/\/tvc16.com\/portal\/wp-json\/wp\/v2\/types\/post"}],"author":[{"embeddable":true,"href":"https:\/\/tvc16.com\/portal\/wp-json\/wp\/v2\/users\/2"}],"replies":[{"embeddable":true,"href":"https:\/\/tvc16.com\/portal\/wp-json\/wp\/v2\/comments?post=97978"}],"version-history":[{"count":1,"href":"https:\/\/tvc16.com\/portal\/wp-json\/wp\/v2\/posts\/97978\/revisions"}],"predecessor-version":[{"id":97980,"href":"https:\/\/tvc16.com\/portal\/wp-json\/wp\/v2\/posts\/97978\/revisions\/97980"}],"wp:featuredmedia":[{"embeddable":true,"href":"https:\/\/tvc16.com\/portal\/wp-json\/wp\/v2\/media\/97979"}],"wp:attachment":[{"href":"https:\/\/tvc16.com\/portal\/wp-json\/wp\/v2\/media?parent=97978"}],"wp:term":[{"taxonomy":"category","embeddable":true,"href":"https:\/\/tvc16.com\/portal\/wp-json\/wp\/v2\/categories?post=97978"},{"taxonomy":"post_tag","embeddable":true,"href":"https:\/\/tvc16.com\/portal\/wp-json\/wp\/v2\/tags?post=97978"}],"curies":[{"name":"wp","href":"https:\/\/api.w.org\/{rel}","templated":true}]}}