{"id":97983,"date":"2025-01-26T10:14:24","date_gmt":"2025-01-26T13:14:24","guid":{"rendered":"https:\/\/tvc16.com\/portal\/?p=97983"},"modified":"2025-01-26T10:15:22","modified_gmt":"2025-01-26T13:15:22","slug":"convocados-do-concurso-publico-da-educacao-fazem-escolha-de-vagas-para-as-unidades-escolares","status":"publish","type":"post","link":"https:\/\/tvc16.com\/portal\/2025\/01\/26\/convocados-do-concurso-publico-da-educacao-fazem-escolha-de-vagas-para-as-unidades-escolares\/","title":{"rendered":"Convocados do concurso p\u00fablico da Educa\u00e7\u00e3o fazem escolha de vagas para as unidades escolares"},"content":{"rendered":"\n<p>A Prefeitura de Petr\u00f3polis, por meio da Secretaria de Educa\u00e7\u00e3o, realizou na \u00faltima quinta-feira (23), o processo de escolha de vagas dos convocados do concurso p\u00fablico. A sele\u00e7\u00e3o aconteceu na Casa de Educa\u00e7\u00e3o Visconde de Mau\u00e1, onde 50 aprovados puderam escolher as unidades escolares para atuarem.<\/p>\n\n\n\n<p>\u201cDesejo boas-vindas a todos esses profissionais, que fizeram o concurso, foram convocados e agora podem escolher a escola que v\u00e3o atuar e junto com a gente trabalhar para que tenhamos uma educa\u00e7\u00e3o p\u00fablica de qualidade, pensando nos nossos alunos e no desenvolvimento pedag\u00f3gico das nossas crian\u00e7as\u201d, comentou o prefeito Hingo Hammes.<\/p>\n\n\n\n<p>Ao todo, 30 educadores de Educa\u00e7\u00e3o Infantil (edital de julho de 2024) e 20 secret\u00e1rios escolares (edital de agosto de 2024) participaram do processo. O pr\u00f3ximo passo agora \u00e9 a posse, para que no dia cinco de fevereiro, quando inicia as aulas na rede municipal, esse grupo j\u00e1 esteja atuando dentro das salas de aula e escolas.<\/p>\n\n\n\n<p>\u201cMomento importante para a nossa rede municipal onde esses educadores e secret\u00e1rios escolares far\u00e3o parte do nosso projeto pedag\u00f3gico para melhorar ainda mais a qualidade da educa\u00e7\u00e3o p\u00fablica da nossa cidade\u201d, comentou o secret\u00e1rio de Educa\u00e7\u00e3o, Alexandre Gurgel.<\/p>\n\n\n\n<p>Foto: divulga\u00e7\u00e3o<\/p>\n","protected":false},"excerpt":{"rendered":"<p>A Prefeitura de Petr\u00f3polis, por meio da Secretaria de Educa\u00e7\u00e3o, realizou na \u00faltima quinta-feira (23),<\/p>\n","protected":false},"author":2,"featured_media":97984,"comment_status":"open","ping_status":"open","sticky":false,"template":"","format":"standard","meta":{"footnotes":""},"categories":[12,1],"tags":[],"class_list":["post-97983","post","type-post","status-publish","format-standard","has-post-thumbnail","hentry","category-cidade","category-uncategorized"],"_links":{"self":[{"href":"https:\/\/tvc16.com\/portal\/wp-json\/wp\/v2\/posts\/97983","targetHints":{"allow":["GET"]}}],"collection":[{"href":"https:\/\/tvc16.com\/portal\/wp-json\/wp\/v2\/posts"}],"about":[{"href":"https:\/\/tvc16.com\/portal\/wp-json\/wp\/v2\/types\/post"}],"author":[{"embeddable":true,"href":"https:\/\/tvc16.com\/portal\/wp-json\/wp\/v2\/users\/2"}],"replies":[{"embeddable":true,"href":"https:\/\/tvc16.com\/portal\/wp-json\/wp\/v2\/comments?post=97983"}],"version-history":[{"count":1,"href":"https:\/\/tvc16.com\/portal\/wp-json\/wp\/v2\/posts\/97983\/revisions"}],"predecessor-version":[{"id":97985,"href":"https:\/\/tvc16.com\/portal\/wp-json\/wp\/v2\/posts\/97983\/revisions\/97985"}],"wp:featuredmedia":[{"embeddable":true,"href":"https:\/\/tvc16.com\/portal\/wp-json\/wp\/v2\/media\/97984"}],"wp:attachment":[{"href":"https:\/\/tvc16.com\/portal\/wp-json\/wp\/v2\/media?parent=97983"}],"wp:term":[{"taxonomy":"category","embeddable":true,"href":"https:\/\/tvc16.com\/portal\/wp-json\/wp\/v2\/categories?post=97983"},{"taxonomy":"post_tag","embeddable":true,"href":"https:\/\/tvc16.com\/portal\/wp-json\/wp\/v2\/tags?post=97983"}],"curies":[{"name":"wp","href":"https:\/\/api.w.org\/{rel}","templated":true}]}}