{"id":97986,"date":"2025-01-26T10:16:07","date_gmt":"2025-01-26T13:16:07","guid":{"rendered":"https:\/\/tvc16.com\/portal\/?p=97986"},"modified":"2025-01-26T10:16:11","modified_gmt":"2025-01-26T13:16:11","slug":"petropolis-recebe-seminario-interno-da-coordenadoria-regional-da-defesa-civil-regional-serrana-i","status":"publish","type":"post","link":"https:\/\/tvc16.com\/portal\/2025\/01\/26\/petropolis-recebe-seminario-interno-da-coordenadoria-regional-da-defesa-civil-regional-serrana-i\/","title":{"rendered":"Petr\u00f3polis recebe Semin\u00e1rio Interno da Coordenadoria Regional da Defesa Civil Regional Serrana I"},"content":{"rendered":"\n<p>Secret\u00e1rios e coordenadores municipais das cidades que comp\u00f5em a Regional Serrana I do Estado do Rio de Janeiro participaram de um semin\u00e1rio interno realizado na \u00faltima quinta-feira (23), em Itaipava. O evento teve como objetivo alinhar e integrar os munic\u00edpios e o Governo do Estado para as a\u00e7\u00f5es de resposta \u00e0s chuvas de ver\u00e3o.<\/p>\n\n\n\n<p>\u201cAs chuvas sempre v\u00e3o acontecer, por isso \u00e9 importante estarmos preparados para dar respostas r\u00e1pidas para a popula\u00e7\u00e3o\u201d, disse o vice-prefeito e secret\u00e1rio de Meio Ambiente, Albano Filho Baninho, na abertura do semin\u00e1rio. Baninho tamb\u00e9m lembrou a parceria com o Estado e a instala\u00e7\u00e3o do radar banda X, que ficar\u00e1 no Morin.<\/p>\n\n\n\n<p>Al\u00e9m dos secret\u00e1rios e coordenadores municipais, tamb\u00e9m participaram do encontro o prefeito de S\u00e3o Jos\u00e9 do Vale do Rio Preto, Jos\u00e9 Carlos Mariano; o vice-prefeito de Sumidouro, Jos\u00e9 Amarildo; o vice-prefeito de Carmo, Adriano Mello e representantes da Defesa Civil de Teres\u00f3polis, do Corpo de Bombeiros, da Defesa Civil do Estado do Rio de Janeiro, do Departamento de Recursos Minerais (DRM-RJ), do Centro Estadual de Monitoramento e Alerta de Desastres Naturais (Cemaden-RJ) e do Centro de Estudos e Pesquisas em Defesa Civil (Cepedec).<\/p>\n\n\n\n<p>\u201cEsse alinhamento com o Estado vai ajudar nas a\u00e7\u00f5es de preven\u00e7\u00e3o aos desastres para que possamos dar respostas r\u00e1pidas para a popula\u00e7\u00e3o e tornar nossa cidade mais resiliente\u201d, comentou o secret\u00e1rio de Prote\u00e7\u00e3o e Defesa Civil, tenente coronel Guilherme Moraes.<\/p>\n\n\n\n<p>\u201cEsse encontro \u00e9 importante para mostrar aos novos prefeitos e secret\u00e1rios municipais qual o papel da Defesa Civil dentro do munic\u00edpio e estamos disponibilizando um caderno de recomenda\u00e7\u00f5es para que sejam desenvolvidos dentro dos munic\u00edpios. Al\u00e9m disso, o Estado est\u00e1 fazendo diversos trabalhos para melhoria do nosso sistema de resposta e tamb\u00e9m disponibilizando ajuda humanit\u00e1ria de forma mais r\u00e1pida e eficiente para que os munic\u00edpios possam responder aos desastres\u201d, disse o superintendente operacional da DC-RJ, coronel Gileno.<\/p>\n\n\n\n<p>Durante o evento foram realizadas palestras sobre protocolos da Defesa Civil; apresenta\u00e7\u00e3o dos equipamentos e ferramentas do Cepedec dispon\u00edveis para os munic\u00edpios e do Sistema Estadual de Previs\u00e3o, Monitoramento, Alerta e Alarme e do Defesa Civil Alerta (Cell Broadcast). \u201cPetr\u00f3polis iniciou esse projeto piloto nacional e j\u00e1 opera o Defesa Civil Alerta, que \u00e9 mais um mecanismo de comunica\u00e7\u00e3o e alerta para a popula\u00e7\u00e3o, funcionando independente de cadastro\u201d, explicou o diretor do Cemaden-RJ, tenente-coronel Alexander Anthony Barrera.<\/p>\n\n\n\n<p>Foto: divulga\u00e7\u00e3o <\/p>\n","protected":false},"excerpt":{"rendered":"<p>Secret\u00e1rios e coordenadores municipais das cidades que comp\u00f5em a Regional Serrana I do Estado do<\/p>\n","protected":false},"author":2,"featured_media":97987,"comment_status":"open","ping_status":"open","sticky":false,"template":"","format":"standard","meta":{"footnotes":""},"categories":[12],"tags":[],"class_list":["post-97986","post","type-post","status-publish","format-standard","has-post-thumbnail","hentry","category-cidade"],"_links":{"self":[{"href":"https:\/\/tvc16.com\/portal\/wp-json\/wp\/v2\/posts\/97986","targetHints":{"allow":["GET"]}}],"collection":[{"href":"https:\/\/tvc16.com\/portal\/wp-json\/wp\/v2\/posts"}],"about":[{"href":"https:\/\/tvc16.com\/portal\/wp-json\/wp\/v2\/types\/post"}],"author":[{"embeddable":true,"href":"https:\/\/tvc16.com\/portal\/wp-json\/wp\/v2\/users\/2"}],"replies":[{"embeddable":true,"href":"https:\/\/tvc16.com\/portal\/wp-json\/wp\/v2\/comments?post=97986"}],"version-history":[{"count":1,"href":"https:\/\/tvc16.com\/portal\/wp-json\/wp\/v2\/posts\/97986\/revisions"}],"predecessor-version":[{"id":97988,"href":"https:\/\/tvc16.com\/portal\/wp-json\/wp\/v2\/posts\/97986\/revisions\/97988"}],"wp:featuredmedia":[{"embeddable":true,"href":"https:\/\/tvc16.com\/portal\/wp-json\/wp\/v2\/media\/97987"}],"wp:attachment":[{"href":"https:\/\/tvc16.com\/portal\/wp-json\/wp\/v2\/media?parent=97986"}],"wp:term":[{"taxonomy":"category","embeddable":true,"href":"https:\/\/tvc16.com\/portal\/wp-json\/wp\/v2\/categories?post=97986"},{"taxonomy":"post_tag","embeddable":true,"href":"https:\/\/tvc16.com\/portal\/wp-json\/wp\/v2\/tags?post=97986"}],"curies":[{"name":"wp","href":"https:\/\/api.w.org\/{rel}","templated":true}]}}