{"id":97995,"date":"2025-01-26T10:28:27","date_gmt":"2025-01-26T13:28:27","guid":{"rendered":"https:\/\/tvc16.com\/portal\/?p=97995"},"modified":"2025-01-26T10:28:30","modified_gmt":"2025-01-26T13:28:30","slug":"governo-do-rio-operacao-verao-dos-bombeiros-ja-resgatou-mais-de-seis-mil-pessoas-em-toda-orla-do-estado","status":"publish","type":"post","link":"https:\/\/tvc16.com\/portal\/2025\/01\/26\/governo-do-rio-operacao-verao-dos-bombeiros-ja-resgatou-mais-de-seis-mil-pessoas-em-toda-orla-do-estado\/","title":{"rendered":"Governo do Rio: Opera\u00e7\u00e3o Ver\u00e3o dos Bombeiros j\u00e1 resgatou mais de seis mil pessoas em toda orla do estado"},"content":{"rendered":"\n<p>A Opera\u00e7\u00e3o Ver\u00e3o do Governo do Estado, implementa pela Secretaria de Defesa Civil e do Corpo de Bombeiros Militar do Rio de Janeiro, j\u00e1 fez 6.337 resgates nas praias do Estado do Rio, desde o in\u00edcio da sua atua\u00e7\u00e3o em 1\u00ba de dezembro de 2024.\u00a0 No mesmo per\u00edodo, foram feitas 569.436 a\u00e7\u00f5es de preven\u00e7\u00e3o \u2013 com orienta\u00e7\u00f5es aos banhistas para evitar afogamentos. A Opera\u00e7\u00e3o Ver\u00e3o conta com refor\u00e7o de cerca de 30% do efetivo de guarda-vidas em todo o litoral. Al\u00e9m disso, o governo investe em tecnologia e inova\u00e7\u00e3o para evitar afogamentos.<\/p>\n\n\n\n<p>Dois drones novos, com megafone para alertas sonoros; farol de busca com precis\u00e3o de 900 metros e capacidade de voo em condi\u00e7\u00f5es adversas, com chuva, est\u00e3o apoiando a preven\u00e7\u00e3o e a busca por v\u00edtimas na orla. As praias est\u00e3o mais seguras com 43 novos barcos infl\u00e1veis de \u00faltima gera\u00e7\u00e3o, importados da Europa, que s\u00e3o mais est\u00e1veis, leves, \u00e1geis, resistentes e extremamente eficientes, mesmo em dias de mares mais agitados.<\/p>\n\n\n\n<p>Os Bombeiros RJ tamb\u00e9m apostam na implanta\u00e7\u00e3o, durante toda a esta\u00e7\u00e3o, do servi\u00e7o de m\u00e9dicos nas motos-aqu\u00e1ticas, para garantir um atendimento ainda mais r\u00e1pido a banhistas que necessitem de socorro especializado.<\/p>\n\n\n\n<p>&#8211; A nossa miss\u00e3o \u00e9 salvar. A qualquer hora, em qualquer tempo, em qualquer mar. Desde novembro, viemos refor\u00e7ando progressivamente o efetivo nas praias. S\u00f3 no ano passado, realizamos mais de 12.600 salvamentos nesta \u00e9poca do ano, sendo cerca de 8 mil socorros s\u00f3 na capital. Investimos forte em preven\u00e7\u00e3o para assegurar um banho seguro a todos &#8211; destacou o secret\u00e1rio de Estado de Defesa Civil e comandante-geral do CBMERJ, coronel Tarciso Salles.<\/p>\n\n\n\n<p>O Governo do Estado investiu mais de R$ 1 bilh\u00e3o na Defesa Civil Estadual e no Corpo de Bombeiros Militar nos \u00faltimos anos, visando \u00e0 moderniza\u00e7\u00e3o das viaturas e dos equipamentos, garantindo a excel\u00eancia dos socorros, seja por terra, \u00e1gua ou ar.<\/p>\n","protected":false},"excerpt":{"rendered":"<p>A Opera\u00e7\u00e3o Ver\u00e3o do Governo do Estado, implementa pela Secretaria de Defesa Civil e do<\/p>\n","protected":false},"author":2,"featured_media":97996,"comment_status":"open","ping_status":"open","sticky":false,"template":"","format":"standard","meta":{"footnotes":""},"categories":[17],"tags":[],"class_list":["post-97995","post","type-post","status-publish","format-standard","has-post-thumbnail","hentry","category-outras-noticias"],"_links":{"self":[{"href":"https:\/\/tvc16.com\/portal\/wp-json\/wp\/v2\/posts\/97995","targetHints":{"allow":["GET"]}}],"collection":[{"href":"https:\/\/tvc16.com\/portal\/wp-json\/wp\/v2\/posts"}],"about":[{"href":"https:\/\/tvc16.com\/portal\/wp-json\/wp\/v2\/types\/post"}],"author":[{"embeddable":true,"href":"https:\/\/tvc16.com\/portal\/wp-json\/wp\/v2\/users\/2"}],"replies":[{"embeddable":true,"href":"https:\/\/tvc16.com\/portal\/wp-json\/wp\/v2\/comments?post=97995"}],"version-history":[{"count":1,"href":"https:\/\/tvc16.com\/portal\/wp-json\/wp\/v2\/posts\/97995\/revisions"}],"predecessor-version":[{"id":97997,"href":"https:\/\/tvc16.com\/portal\/wp-json\/wp\/v2\/posts\/97995\/revisions\/97997"}],"wp:featuredmedia":[{"embeddable":true,"href":"https:\/\/tvc16.com\/portal\/wp-json\/wp\/v2\/media\/97996"}],"wp:attachment":[{"href":"https:\/\/tvc16.com\/portal\/wp-json\/wp\/v2\/media?parent=97995"}],"wp:term":[{"taxonomy":"category","embeddable":true,"href":"https:\/\/tvc16.com\/portal\/wp-json\/wp\/v2\/categories?post=97995"},{"taxonomy":"post_tag","embeddable":true,"href":"https:\/\/tvc16.com\/portal\/wp-json\/wp\/v2\/tags?post=97995"}],"curies":[{"name":"wp","href":"https:\/\/api.w.org\/{rel}","templated":true}]}}