{"id":9800,"date":"2021-01-21T08:25:45","date_gmt":"2021-01-21T11:25:45","guid":{"rendered":"https:\/\/tvc16.com\/portal\/?p=9800"},"modified":"2021-01-21T08:26:31","modified_gmt":"2021-01-21T11:26:31","slug":"inss-prova-de-vida-de-aposentados-e-suspensa-ate-fevereiro","status":"publish","type":"post","link":"https:\/\/tvc16.com\/portal\/2021\/01\/21\/inss-prova-de-vida-de-aposentados-e-suspensa-ate-fevereiro\/","title":{"rendered":"INSS: prova de vida de aposentados \u00e9 suspensa at\u00e9 fevereiro"},"content":{"rendered":"\n<p><strong>Portaria foi publicada hoje no Di\u00e1rio Oficial da Uni\u00e3o<\/strong><\/p>\n\n\n\n<p>Os aposentados e pensionistas do Instituto Nacional do Seguro Social (INSS) que n\u00e3o fizeram a prova de vida entre mar\u00e7o de 2020 e fevereiro deste ano n\u00e3o ter\u00e3o seus benef\u00edcios bloqueados.<\/p>\n\n\n\n<p>A&nbsp;Portaria&nbsp;n\u00ba 1.266\/2021, publicada&nbsp;hoje&nbsp;(20) no&nbsp;<em>Di\u00e1rio Oficial da Uni\u00e3o<\/em>, prorroga a interrup\u00e7\u00e3o do bloqueio de benef\u00edcios para as compet\u00eancias&nbsp;de janeiro&nbsp;e fevereiro, ou seja, para pagamentos at\u00e9 o fim&nbsp;de mar\u00e7o.<\/p>\n\n\n\n<p>A prorroga\u00e7\u00e3o vale para os benefici\u00e1rios residentes no Brasil e no exterior. De acordo com a portaria, a rotina e obriga\u00e7\u00f5es contratuais estabelecidas entre o INSS e a rede banc\u00e1ria que paga os benef\u00edcios permanece e a comprova\u00e7\u00e3o da prova de vida dever\u00e1 ser realizada normalmente pelos bancos.<\/p>\n\n\n\n<p>Realizada todos os anos, a comprova\u00e7\u00e3o de vida \u00e9 exigida para a manuten\u00e7\u00e3o do pagamento do benef\u00edcio. Para isso, o segurado ou algum representante legal ou volunt\u00e1rio deve comparecer \u00e0 institui\u00e7\u00e3o banc\u00e1ria onde saca o benef\u00edcio.&nbsp;O procedimento, entretanto, deixou de ser exigido em mar\u00e7o de 2020, entre as a\u00e7\u00f5es para o enfrentamento da pandemia do novo coronav\u00edrus, e a medida vem sendo prorrogada desde ent\u00e3o.<\/p>\n\n\n\n<p>Desde agosto do ano passado, o a prova de vida tamb\u00e9m pode ser feita por meio do&nbsp;aplicativo Meu INSS&nbsp;ou pelo site do \u00f3rg\u00e3o por benefici\u00e1rios com mais de 80 anos ou com restri\u00e7\u00f5es de mobilidade. A comprova\u00e7\u00e3o da dificuldade de locomo\u00e7\u00e3o exige atestado ou declara\u00e7\u00e3o m\u00e9dica. Nesse caso, todos os documentos s\u00e3o anexados e enviados eletronicamente.<\/p>\n\n\n\n<p><strong>Militares inativos<\/strong><\/p>\n\n\n\n<p>Tamb\u00e9m foi publicada no Di\u00e1rio Oficial da Uni\u00e3o&nbsp;portaria do Minist\u00e9rio da Defesa&nbsp;que tamb\u00e9m suspende, at\u00e9&nbsp;30 de junho, a atualiza\u00e7\u00e3o cadastral para prova de vida de militares inativos, pensionistas de militares, militares anistiados pol\u00edticos e dependentes habilitados. De acordo com o texto, nesse caso, o bloqueio de pagamentos por falta de realiza\u00e7\u00e3o da comprova\u00e7\u00e3o de vida voltar\u00e3o a acontecer a partir de 1\u00ba de julho.<\/p>\n\n\n\n<p>A medida tamb\u00e9m foi adotada em mar\u00e7o do ano passado em raz\u00e3o da pandemia de covid-19 e vem sendo prorrogada.<\/p>\n\n\n\n<p><strong>Por Andreia Verd\u00e9lio \u2013 Rep\u00f3rter da Ag\u00eancia Brasil &#8211; Bras\u00edlia<\/strong><\/p>\n","protected":false},"excerpt":{"rendered":"<p>Portaria foi publicada hoje no Di\u00e1rio Oficial da Uni\u00e3o Os aposentados e pensionistas do Instituto<\/p>\n","protected":false},"author":2,"featured_media":9801,"comment_status":"open","ping_status":"open","sticky":false,"template":"","format":"standard","meta":{"footnotes":""},"categories":[17],"tags":[],"class_list":["post-9800","post","type-post","status-publish","format-standard","has-post-thumbnail","hentry","category-outras-noticias"],"_links":{"self":[{"href":"https:\/\/tvc16.com\/portal\/wp-json\/wp\/v2\/posts\/9800","targetHints":{"allow":["GET"]}}],"collection":[{"href":"https:\/\/tvc16.com\/portal\/wp-json\/wp\/v2\/posts"}],"about":[{"href":"https:\/\/tvc16.com\/portal\/wp-json\/wp\/v2\/types\/post"}],"author":[{"embeddable":true,"href":"https:\/\/tvc16.com\/portal\/wp-json\/wp\/v2\/users\/2"}],"replies":[{"embeddable":true,"href":"https:\/\/tvc16.com\/portal\/wp-json\/wp\/v2\/comments?post=9800"}],"version-history":[{"count":1,"href":"https:\/\/tvc16.com\/portal\/wp-json\/wp\/v2\/posts\/9800\/revisions"}],"predecessor-version":[{"id":9802,"href":"https:\/\/tvc16.com\/portal\/wp-json\/wp\/v2\/posts\/9800\/revisions\/9802"}],"wp:featuredmedia":[{"embeddable":true,"href":"https:\/\/tvc16.com\/portal\/wp-json\/wp\/v2\/media\/9801"}],"wp:attachment":[{"href":"https:\/\/tvc16.com\/portal\/wp-json\/wp\/v2\/media?parent=9800"}],"wp:term":[{"taxonomy":"category","embeddable":true,"href":"https:\/\/tvc16.com\/portal\/wp-json\/wp\/v2\/categories?post=9800"},{"taxonomy":"post_tag","embeddable":true,"href":"https:\/\/tvc16.com\/portal\/wp-json\/wp\/v2\/tags?post=9800"}],"curies":[{"name":"wp","href":"https:\/\/api.w.org\/{rel}","templated":true}]}}