{"id":98004,"date":"2025-01-26T05:37:41","date_gmt":"2025-01-26T08:37:41","guid":{"rendered":"https:\/\/tvc16.com\/portal\/?p=98004"},"modified":"2025-01-26T10:38:10","modified_gmt":"2025-01-26T13:38:10","slug":"suspeitos-de-vender-carne-estragada-tem-prisao-preventiva-decretada","status":"publish","type":"post","link":"https:\/\/tvc16.com\/portal\/2025\/01\/26\/suspeitos-de-vender-carne-estragada-tem-prisao-preventiva-decretada\/","title":{"rendered":"Suspeitos de vender carne estragada t\u00eam pris\u00e3o preventiva decretada"},"content":{"rendered":"\n<p>A Justi\u00e7a do Rio converteu em pris\u00e3o preventiva a pris\u00e3o dos quatro homens detidos em flagrante por terem comprado e revendido 800 toneladas de carnes impr\u00f3prias para o consumo humano. As carnes foram adquiridas de um frigor\u00edfico do Rio Grande do Sul atingido pelas enchentes de maio do ano passado. Eles passaram por audi\u00eancia de cust\u00f3dia nesta sexta-feira (24).<img decoding=\"async\" src=\"https:\/\/agenciabrasil.ebc.com.br\/ebc.png?id=1627987&amp;o=node\"><img decoding=\"async\" src=\"https:\/\/agenciabrasil.ebc.com.br\/ebc.gif?id=1627987&amp;o=node\"><\/p>\n\n\n\n<p>Al\u00e9m dos donos da empresa, sediada em Tr\u00eas Rios, no centro-sul fluminense, o gerente do com\u00e9rcio e o diretor de log\u00edstica tamb\u00e9m est\u00e3o com pris\u00e3o preventiva decretada.<\/p>\n\n\n\n<p>A Pol\u00edcia Civil afirmou que&nbsp;foram rastreadas, at\u00e9 o momento, apenas 17 toneladas da carne estragada vendida para um frigor\u00edfico na cidade de Contagem, em Minas Gerais.<\/p>\n\n\n\n<p>De acordo com a investiga\u00e7\u00e3o, que contou com apoio da Delegacia do Consumidor&nbsp;do Rio Grande do Sul, em maio e junho os s\u00f3cios da empresa se aproveitaram da trag\u00e9dia para adquirir 800 toneladas de carne bovina que tinham ficado submersas \u201cmuitos dias\u201d em Porto Alegre.<\/p>\n\n\n\n<p>Eles alegavam que a inten\u00e7\u00e3o era a fabrica\u00e7\u00e3o de ra\u00e7\u00e3o animal. No entanto, a investiga\u00e7\u00e3o descobriu que o destino do produto impr\u00f3prio era outro. As carnes foram vendidas para outras empresas. A movimenta\u00e7\u00e3o fez com que o grupo tivesse lucro \u201cde mais de 1.000%\u201d, afirmou a Pol\u00edcia Civil do Rio, \u201ccolocando em risco consumidores de todo o Brasil\u201d.<\/p>\n\n\n\n<p>Os investigados v\u00e3o responder pelos crimes de associa\u00e7\u00e3o criminosa, recepta\u00e7\u00e3o, adultera\u00e7\u00e3o e corrup\u00e7\u00e3o de alimentos, com alcance em todo o pa\u00eds. Os quatro foram encaminhados para um pres\u00eddio no Complexo de Gericin\u00f3,\u00a0 zona oeste do Rio, onde ficar\u00e3o \u00e0 disposi\u00e7\u00e3o da Justi\u00e7a.<\/p>\n\n\n\n<p>Douglas Corr\u00eaa &#8211; Rep\u00f3rter da Ag\u00eancia Brasil<br>Foto\u00a9 Pol\u00edcia Civil RJ\/Divulga\u00e7\u00e3o<br><\/p>\n","protected":false},"excerpt":{"rendered":"<p>A Justi\u00e7a do Rio converteu em pris\u00e3o preventiva a pris\u00e3o dos quatro homens detidos em<\/p>\n","protected":false},"author":2,"featured_media":98005,"comment_status":"open","ping_status":"open","sticky":false,"template":"","format":"standard","meta":{"footnotes":""},"categories":[17,1],"tags":[],"class_list":["post-98004","post","type-post","status-publish","format-standard","has-post-thumbnail","hentry","category-outras-noticias","category-uncategorized"],"_links":{"self":[{"href":"https:\/\/tvc16.com\/portal\/wp-json\/wp\/v2\/posts\/98004","targetHints":{"allow":["GET"]}}],"collection":[{"href":"https:\/\/tvc16.com\/portal\/wp-json\/wp\/v2\/posts"}],"about":[{"href":"https:\/\/tvc16.com\/portal\/wp-json\/wp\/v2\/types\/post"}],"author":[{"embeddable":true,"href":"https:\/\/tvc16.com\/portal\/wp-json\/wp\/v2\/users\/2"}],"replies":[{"embeddable":true,"href":"https:\/\/tvc16.com\/portal\/wp-json\/wp\/v2\/comments?post=98004"}],"version-history":[{"count":1,"href":"https:\/\/tvc16.com\/portal\/wp-json\/wp\/v2\/posts\/98004\/revisions"}],"predecessor-version":[{"id":98006,"href":"https:\/\/tvc16.com\/portal\/wp-json\/wp\/v2\/posts\/98004\/revisions\/98006"}],"wp:featuredmedia":[{"embeddable":true,"href":"https:\/\/tvc16.com\/portal\/wp-json\/wp\/v2\/media\/98005"}],"wp:attachment":[{"href":"https:\/\/tvc16.com\/portal\/wp-json\/wp\/v2\/media?parent=98004"}],"wp:term":[{"taxonomy":"category","embeddable":true,"href":"https:\/\/tvc16.com\/portal\/wp-json\/wp\/v2\/categories?post=98004"},{"taxonomy":"post_tag","embeddable":true,"href":"https:\/\/tvc16.com\/portal\/wp-json\/wp\/v2\/tags?post=98004"}],"curies":[{"name":"wp","href":"https:\/\/api.w.org\/{rel}","templated":true}]}}