{"id":98025,"date":"2025-01-26T20:42:15","date_gmt":"2025-01-26T23:42:15","guid":{"rendered":"https:\/\/tvc16.com\/portal\/?p=98025"},"modified":"2025-01-26T20:43:15","modified_gmt":"2025-01-26T23:43:15","slug":"casal-acusado-de-matar-jovem-em-nova-iguacu-e-preso-em-petropolis","status":"publish","type":"post","link":"https:\/\/tvc16.com\/portal\/2025\/01\/26\/casal-acusado-de-matar-jovem-em-nova-iguacu-e-preso-em-petropolis\/","title":{"rendered":"Casal acusado de matar jovem em Nova Igua\u00e7u \u00e9 preso em Petr\u00f3polis"},"content":{"rendered":"\n<p>Policiais do servi\u00e7o reservado do 26\u00b0 BPM e policiais civis da 105\u00b0DP prenderam no in\u00edcio da noite deste domingo, 26\/01, o casal suspeito de matar a jovem Larissa dos Santos na \u00faltima sexta-feira em Nova Igua\u00e7u (23).<\/p>\n\n\n\n<p>O casal estava foragido da justi\u00e7a e veio para Petr\u00f3polis se esconder na casa de amigos no bairro S\u00e3o Sebasti\u00e3o. <\/p>\n\n\n\n<figure class=\"wp-block-image size-large\"><img loading=\"lazy\" decoding=\"async\" width=\"1024\" height=\"769\" src=\"https:\/\/tvc16.com\/portal\/wp-content\/uploads\/2025\/01\/IMG-20250126-WA0125-1024x769.jpg\" alt=\"\" class=\"wp-image-98027\" srcset=\"https:\/\/tvc16.com\/portal\/wp-content\/uploads\/2025\/01\/IMG-20250126-WA0125-1024x769.jpg 1024w, https:\/\/tvc16.com\/portal\/wp-content\/uploads\/2025\/01\/IMG-20250126-WA0125-300x225.jpg 300w, https:\/\/tvc16.com\/portal\/wp-content\/uploads\/2025\/01\/IMG-20250126-WA0125-768x577.jpg 768w, https:\/\/tvc16.com\/portal\/wp-content\/uploads\/2025\/01\/IMG-20250126-WA0125-200x150.jpg 200w, https:\/\/tvc16.com\/portal\/wp-content\/uploads\/2025\/01\/IMG-20250126-WA0125.jpg 1290w\" sizes=\"auto, (max-width: 1024px) 100vw, 1024px\" \/><\/figure>\n\n\n\n<p>Alan Santos Gusm\u00e3o J\u00fanior, de 26 anos e de Leandra Victoria de Souza Fortunato, de 22 anos, s\u00e3o os principais suspeitos de envolvimento no assassinato de Larissa dos Santos Silva, de 26 anos, que foi encontrada morta nesta sexta-feira (24) em Nova Igua\u00e7u.<\/p>\n\n\n\n<p>Foto: PM<\/p>\n","protected":false},"excerpt":{"rendered":"<p>Policiais do servi\u00e7o reservado do 26\u00b0 BPM e policiais civis da 105\u00b0DP prenderam no in\u00edcio<\/p>\n","protected":false},"author":2,"featured_media":98026,"comment_status":"open","ping_status":"open","sticky":false,"template":"","format":"standard","meta":{"footnotes":""},"categories":[12,1],"tags":[],"class_list":["post-98025","post","type-post","status-publish","format-standard","has-post-thumbnail","hentry","category-cidade","category-uncategorized"],"_links":{"self":[{"href":"https:\/\/tvc16.com\/portal\/wp-json\/wp\/v2\/posts\/98025","targetHints":{"allow":["GET"]}}],"collection":[{"href":"https:\/\/tvc16.com\/portal\/wp-json\/wp\/v2\/posts"}],"about":[{"href":"https:\/\/tvc16.com\/portal\/wp-json\/wp\/v2\/types\/post"}],"author":[{"embeddable":true,"href":"https:\/\/tvc16.com\/portal\/wp-json\/wp\/v2\/users\/2"}],"replies":[{"embeddable":true,"href":"https:\/\/tvc16.com\/portal\/wp-json\/wp\/v2\/comments?post=98025"}],"version-history":[{"count":1,"href":"https:\/\/tvc16.com\/portal\/wp-json\/wp\/v2\/posts\/98025\/revisions"}],"predecessor-version":[{"id":98028,"href":"https:\/\/tvc16.com\/portal\/wp-json\/wp\/v2\/posts\/98025\/revisions\/98028"}],"wp:featuredmedia":[{"embeddable":true,"href":"https:\/\/tvc16.com\/portal\/wp-json\/wp\/v2\/media\/98026"}],"wp:attachment":[{"href":"https:\/\/tvc16.com\/portal\/wp-json\/wp\/v2\/media?parent=98025"}],"wp:term":[{"taxonomy":"category","embeddable":true,"href":"https:\/\/tvc16.com\/portal\/wp-json\/wp\/v2\/categories?post=98025"},{"taxonomy":"post_tag","embeddable":true,"href":"https:\/\/tvc16.com\/portal\/wp-json\/wp\/v2\/tags?post=98025"}],"curies":[{"name":"wp","href":"https:\/\/api.w.org\/{rel}","templated":true}]}}