{"id":9803,"date":"2021-01-21T21:04:14","date_gmt":"2021-01-22T00:04:14","guid":{"rendered":"https:\/\/tvc16.com\/portal\/?p=9803"},"modified":"2021-01-21T21:05:16","modified_gmt":"2021-01-22T00:05:16","slug":"cpi-da-covid-19-e-novamente-protocolada-na-camara","status":"publish","type":"post","link":"https:\/\/tvc16.com\/portal\/2021\/01\/21\/cpi-da-covid-19-e-novamente-protocolada-na-camara\/","title":{"rendered":"CPI da COVID-19 \u00e9 novamente protocolada na C\u00e2mara Municipal de Petr\u00f3polis"},"content":{"rendered":"\n<p>A<em>medida foi protocolada pelos vereadores Mauro Peralta (PRTB) e Gilda Beatriz (PSD), o objetivo ser\u00e1 a an\u00e1lise dos gastos da Prefeitura durante a pandemia<\/em>A<\/p>\n\n\n\n<p>Nesta quinta-feira (21), foi protocolada a cria\u00e7\u00e3o da Comiss\u00e3o Parlamentar de Inqu\u00e9rito (CPI) da COVID-19 no munic\u00edpio de Petr\u00f3polis. A medida foi protocolada pelos vereadores Mauro Peralta (PRTB) e Gilda Beatriz (PSD). Na \u00faltima legislatura, a vereadora Gilda j\u00e1 havia tentado abrir a CPI, por\u00e9m foi impedida pela quantidade de CPIs que estavam protocoladas no legislativo.<\/p>\n\n\n\n<p>\u201cIremos investigar todos os gastos durante a pandemia. Um exemplo, \u00e9 a barreira sanit\u00e1ria. Quanto foi gasto nas barreiras sanit\u00e1rias? Uma barreira sanit\u00e1ria que n\u00e3o tinha em Secret\u00e1rio, Araras, Posse, Vale das Videiras, Pedro do Rio. Que barreira sanit\u00e1ria \u00e9 essa? Uma barreira sanit\u00e1ria que n\u00e3o funcionou. E a tenda da COVID-19, que foi alugada por um valor&nbsp; de R$100 mil? E os insumos, como m\u00e1scaras e \u00e1lcool, como foram os gastos? Queremos saber respostas sobre como foram investidos os R$ 40 milh\u00f5es que chegaram ao nosso munic\u00edpio\u201d, afirmou o presidente da Comiss\u00e3o da Sa\u00fade na C\u00e2mara, vereador Mauro Peralta.<\/p>\n\n\n\n<p>A vereadora Gilda Beatriz tamb\u00e9m afirmou a import\u00e2ncia da Comiss\u00e3o para o munic\u00edpio. \u201cCom o apoio dos novos parlamentares, podemos conseguir respostas que a popula\u00e7\u00e3o vem buscando h\u00e1 muito tempo. Precisamos investigar cada gasto do munic\u00edpio neste per\u00edodo. S\u00e3o in\u00fameros ind\u00edcios de poss\u00edveis irregularidades e temos que estar atentos a cada detalhe nesta CPI\u201d, afirmou a vereadora Gilda Beatriz.<\/p>\n\n\n\n<p>Ap\u00f3s ser lida em plen\u00e1rio, a proposta de abertura da CPI da COVID-19 segue os tr\u00e2mites burocr\u00e1ticos da Casa Legislativa.<\/p>\n","protected":false},"excerpt":{"rendered":"<p>Amedida foi protocolada pelos vereadores Mauro Peralta (PRTB) e Gilda Beatriz (PSD), o objetivo ser\u00e1<\/p>\n","protected":false},"author":2,"featured_media":9804,"comment_status":"open","ping_status":"open","sticky":false,"template":"","format":"standard","meta":{"footnotes":""},"categories":[12],"tags":[],"class_list":["post-9803","post","type-post","status-publish","format-standard","has-post-thumbnail","hentry","category-cidade"],"_links":{"self":[{"href":"https:\/\/tvc16.com\/portal\/wp-json\/wp\/v2\/posts\/9803","targetHints":{"allow":["GET"]}}],"collection":[{"href":"https:\/\/tvc16.com\/portal\/wp-json\/wp\/v2\/posts"}],"about":[{"href":"https:\/\/tvc16.com\/portal\/wp-json\/wp\/v2\/types\/post"}],"author":[{"embeddable":true,"href":"https:\/\/tvc16.com\/portal\/wp-json\/wp\/v2\/users\/2"}],"replies":[{"embeddable":true,"href":"https:\/\/tvc16.com\/portal\/wp-json\/wp\/v2\/comments?post=9803"}],"version-history":[{"count":2,"href":"https:\/\/tvc16.com\/portal\/wp-json\/wp\/v2\/posts\/9803\/revisions"}],"predecessor-version":[{"id":9806,"href":"https:\/\/tvc16.com\/portal\/wp-json\/wp\/v2\/posts\/9803\/revisions\/9806"}],"wp:featuredmedia":[{"embeddable":true,"href":"https:\/\/tvc16.com\/portal\/wp-json\/wp\/v2\/media\/9804"}],"wp:attachment":[{"href":"https:\/\/tvc16.com\/portal\/wp-json\/wp\/v2\/media?parent=9803"}],"wp:term":[{"taxonomy":"category","embeddable":true,"href":"https:\/\/tvc16.com\/portal\/wp-json\/wp\/v2\/categories?post=9803"},{"taxonomy":"post_tag","embeddable":true,"href":"https:\/\/tvc16.com\/portal\/wp-json\/wp\/v2\/tags?post=9803"}],"curies":[{"name":"wp","href":"https:\/\/api.w.org\/{rel}","templated":true}]}}