{"id":98034,"date":"2025-01-27T08:21:25","date_gmt":"2025-01-27T11:21:25","guid":{"rendered":"https:\/\/tvc16.com\/portal\/?p=98034"},"modified":"2025-01-27T08:21:28","modified_gmt":"2025-01-27T11:21:28","slug":"governo-do-estado-estende-horario-de-reforco-da-operacao-verao","status":"publish","type":"post","link":"https:\/\/tvc16.com\/portal\/2025\/01\/27\/governo-do-estado-estende-horario-de-reforco-da-operacao-verao\/","title":{"rendered":"Governo do Estado estende hor\u00e1rio de refor\u00e7o da Opera\u00e7\u00e3o Ver\u00e3o"},"content":{"rendered":"\n<p><em>Com as altas temperaturas, policiais militares permanecer\u00e3o na orla carioca at\u00e9 as 22h, para garantir a seguran\u00e7a dos banhistas<\/em><br><br>O Governo do Estado amplia o hor\u00e1rio do policiamento da Opera\u00e7\u00e3o Ver\u00e3o, neste fim de semana, em toda a orla da capital. A medida, implementada pela Secretaria de Estado de Pol\u00edcia Militar, d\u00e1 mais seguran\u00e7a aos banhistas, que t\u00eam permanecido nas praias durante a noite.<\/p>\n\n\n\n<p>Neste final de semana, mais de 1.620 policiais militares foram escalados para atuar na orla das Zonas Sul e Oeste. Eles tamb\u00e9m est\u00e3o nos principais terminais de transportes p\u00fablicos que t\u00eam linhas de \u00f4nibus de acesso \u00e0s praias.<br>Iniciada em setembro de 2024, a Opera\u00e7\u00e3o Ver\u00e3o \u00e9 uma a\u00e7\u00e3o de preven\u00e7\u00e3o aos roubos e furtos em todo o litoral do territ\u00f3rio fluminense, durante os dias de temperaturas mais altas e maior fluxo de banhistas nas praias.<br>Neste fim de semana, a orla da Zona Sul conta com o refor\u00e7o do Carro Comando da PM, que est\u00e1 baseado na regi\u00e3o do Arpoador e acompanha toda a movimenta\u00e7\u00e3o nas praias de Botafogo, Flamengo, Leme, Copacabana e Ipanema.<br>&#8211; Al\u00e9m da presen\u00e7a do policiamento ostensivo, o grande diferencial para a Opera\u00e7\u00e3o Ver\u00e3o \u00e9 o investimento em todo o aparato tecnol\u00f3gico, obtido por meio de um grande investimento do Governo do Estado para refor\u00e7ar a seguran\u00e7a em todo litoral na Fluminense &#8211; \u00a0afirma o secret\u00e1rio de Estado de Pol\u00edcia Militar, o coronel Marcelo de Menezes Nogueira.<br><br><strong>Acompanhamento em tempo real<\/strong><br>No fim de 2024, a corpora\u00e7\u00e3o inaugurou as novas salas de monitoramento dos batalh\u00f5es de Copacabana (19\u00b0 BPM) e do Leblon (23\u00b0 BPM), que tem acesso em tempo real \u00e0s imagens das c\u00e2meras de seguran\u00e7a de diferentes pontos da orla da Zona Sul do Rio, permitindo, inclusive, o acompanhamento da movimenta\u00e7\u00e3o na faixa de areia das praias.<\/p>\n\n\n\n<p>A a\u00e7\u00e3o na capital concentra um efetivo na faixa entre o Leme e o Pontal, que conta com o emprego de cavalos do Regimento de Pol\u00edcia Montada (RPMont) e c\u00e3es do Batalh\u00e3o de A\u00e7\u00f5es com C\u00e3es (BAC). O patrulhamento refor\u00e7ado tamb\u00e9m contempla as ruas internas dos bairros das zonas Sul e Oeste.<\/p>\n","protected":false},"excerpt":{"rendered":"<p>Com as altas temperaturas, policiais militares permanecer\u00e3o na orla carioca at\u00e9 as 22h, para garantir<\/p>\n","protected":false},"author":2,"featured_media":98035,"comment_status":"open","ping_status":"open","sticky":false,"template":"","format":"standard","meta":{"footnotes":""},"categories":[17],"tags":[],"class_list":["post-98034","post","type-post","status-publish","format-standard","has-post-thumbnail","hentry","category-outras-noticias"],"_links":{"self":[{"href":"https:\/\/tvc16.com\/portal\/wp-json\/wp\/v2\/posts\/98034","targetHints":{"allow":["GET"]}}],"collection":[{"href":"https:\/\/tvc16.com\/portal\/wp-json\/wp\/v2\/posts"}],"about":[{"href":"https:\/\/tvc16.com\/portal\/wp-json\/wp\/v2\/types\/post"}],"author":[{"embeddable":true,"href":"https:\/\/tvc16.com\/portal\/wp-json\/wp\/v2\/users\/2"}],"replies":[{"embeddable":true,"href":"https:\/\/tvc16.com\/portal\/wp-json\/wp\/v2\/comments?post=98034"}],"version-history":[{"count":1,"href":"https:\/\/tvc16.com\/portal\/wp-json\/wp\/v2\/posts\/98034\/revisions"}],"predecessor-version":[{"id":98036,"href":"https:\/\/tvc16.com\/portal\/wp-json\/wp\/v2\/posts\/98034\/revisions\/98036"}],"wp:featuredmedia":[{"embeddable":true,"href":"https:\/\/tvc16.com\/portal\/wp-json\/wp\/v2\/media\/98035"}],"wp:attachment":[{"href":"https:\/\/tvc16.com\/portal\/wp-json\/wp\/v2\/media?parent=98034"}],"wp:term":[{"taxonomy":"category","embeddable":true,"href":"https:\/\/tvc16.com\/portal\/wp-json\/wp\/v2\/categories?post=98034"},{"taxonomy":"post_tag","embeddable":true,"href":"https:\/\/tvc16.com\/portal\/wp-json\/wp\/v2\/tags?post=98034"}],"curies":[{"name":"wp","href":"https:\/\/api.w.org\/{rel}","templated":true}]}}