{"id":98040,"date":"2025-01-27T08:46:31","date_gmt":"2025-01-27T11:46:31","guid":{"rendered":"https:\/\/tvc16.com\/portal\/?p=98040"},"modified":"2025-01-27T08:46:33","modified_gmt":"2025-01-27T11:46:33","slug":"numero-de-pessoas-trans-e-travestis-assassinadas-no-brasil-cai-em-2024","status":"publish","type":"post","link":"https:\/\/tvc16.com\/portal\/2025\/01\/27\/numero-de-pessoas-trans-e-travestis-assassinadas-no-brasil-cai-em-2024\/","title":{"rendered":"N\u00famero de pessoas trans e travestis assassinadas no Brasil cai em 2024"},"content":{"rendered":"\n<p><em>Queda \u00e9 de 16% em rela\u00e7\u00e3o a 2023<\/em><\/p>\n\n\n\n<p>Por Letycia Bond &#8211; Rep\u00f3rter da Ag\u00eancia Brasil \/ Foto: Tomaz Silva\/Ag\u00eancia Brasil<\/p>\n\n\n\n<p><\/p>\n\n\n\n<p>Em 2024, 122 pessoas trans e travestis foram assassinadas no Brasil, sendo que cinco&nbsp;eram defensoras de direitos humanos. De acordo com a \u00faltima edi\u00e7\u00e3o do dossi\u00ea da&nbsp;Associa\u00e7\u00e3o Nacional de Travestis e Transexuais (Antra), lan\u00e7ado nesta segunda-feira&nbsp;(27), esse n\u00famero&nbsp;\u00e9 16% menor do que em&nbsp;2023, quando se teve not\u00edcia de 145 assassinatos de pessoas com tais identidades de g\u00eanero.<img decoding=\"async\" src=\"https:\/\/agenciabrasil.ebc.com.br\/ebc.png?id=1628048&amp;o=node\"><img decoding=\"async\" src=\"https:\/\/agenciabrasil.ebc.com.br\/ebc.gif?id=1628048&amp;o=node\"><\/p>\n\n\n\n<p>Apesar da queda, a associa\u00e7\u00e3o diz que, embora o resultado do ano passado tamb\u00e9m tenha ficado abaixo da m\u00e9dia de 125 assassinatos por ano, obtida a partir dos registros de 2008 a 2024, a diferen\u00e7a \u00e9 pouca e os n\u00fameros se aproximam bastante.&nbsp;<\/p>\n\n\n\n<p>Uma das v\u00edtimas de 2024 que se enquadra&nbsp;na categoria de defensora&nbsp;de direitos humanos era uma suplente de&nbsp;vereadora.&nbsp;Outra j\u00e1 havia se candidatado a um cargo pol\u00edtico.<\/p>\n\n\n\n<p>Ainda em rela\u00e7\u00e3o \u00e0s caracter\u00edsticas das v\u00edtimas, a Antra destaca que 117 (95,9%) das v\u00edtimas executadas eram travestis e mulheres trans\/transexuais. Somente cinco eram&nbsp;homens trans e pessoas transmasculinas.<\/p>\n\n\n\n<p>A Antra lembra que a identifica\u00e7\u00e3o dos casos que constam do levantamento corre paralelamente&nbsp;ao acompanhamento oficial, justamente porque ele&nbsp;n\u00e3o contempla as ocorr\u00eancias com v\u00edtimas LGBTQIA+ de maneira satisfat\u00f3ria. &#8220;O problema da subnotifica\u00e7\u00e3o \u00e9 evidente. Quando uma not\u00edcia chega aos jornais,&nbsp;seria natural imaginar que esses casos estariam registrados nos \u00f3rg\u00e3os respons\u00e1veis, como&nbsp;delegacias, institutos m\u00e9dicos legais (IML) ou secretarias de Seguran\u00e7a P\u00fablica. Mas a&nbsp;realidade mostra o oposto&#8221;, lembra.<\/p>\n\n\n\n<p>&#8220;Dados sobre essas viol\u00eancias simplesmente n\u00e3o aparecem ou s\u00e3o inconsistentes, como j\u00e1 apontou o F\u00f3rum Brasileiro de Seguran\u00e7a P\u00fablica, que critica a aus\u00eancia&nbsp;de informa\u00e7\u00f5es sobre pessoas LGBTQIA+ e as grandes discrep\u00e2ncias entre os n\u00fameros oficiais&nbsp;e o que vemos nos notici\u00e1rios. Embora esse cen\u00e1rio venha melhorando nos \u00faltimos anos, n\u00e3o h\u00e1&nbsp;dados desagregados sobre o assassinato de pessoas trans.&#8221;<\/p>\n\n\n\n<p>Mesmo com a aus\u00eancia de dados oficiais qualificados, a Antra confirmou a exist\u00eancia de pelo menos 1.179 assassinatos de pessoas trans, travestis, homens trans, pessoas transmasculinas&nbsp;e n\u00e3o bin\u00e1rias. Os anos com maior concentra\u00e7\u00e3o de casos foram 2017, com&nbsp;179, e 2020, com 175. Foi no ano de 2017 que a organiza\u00e7\u00e3o come\u00e7ou a realizar a pesquisa detalhada.&nbsp;<\/p>\n\n\n\n<p>Quanto \u00e0 ordem de estados com pior cen\u00e1rio em 2024, S\u00e3o Paulo lidera, respondendo por 16 assassinatos.&nbsp;Minas Gerais fica em segundo lugar, com 12 ocorr\u00eancias, e o Cear\u00e1 em terceiro, somando&nbsp;11. &#8220;Nos estados do Acre, Rio Grande do Norte e Roraima n\u00e3o foram encontrados registros de assassinatos em 2024. Al\u00e9m disso, foi identificado um caso cuja localiza\u00e7\u00e3o n\u00e3o p\u00f4de ser determinada. Chama a aten\u00e7\u00e3o que pelo menos 68% (83 casos) aconteceram fora das capitais dos estados, em cidades do interior&#8221;, acrescenta a Antra.&nbsp;<\/p>\n\n\n\n<p>Na lista que leva em conta os registros acumulados por cada unidade federativa no p\u00e9r\u00edodo&nbsp;de 2017 a 2024, S\u00e3o Paulo continua no topo, com 151 casos. O Cear\u00e1, por\u00e9m, sobe para a segunda posi\u00e7\u00e3o, com 107 assassinatos, e a Bahia ocupa a terceira, com 97.<\/p>\n\n\n\n<p>O relat\u00f3rio tamb\u00e9m situa&nbsp;o Brasil em rela\u00e7\u00e3o a outros pa\u00edses. &#8220;Ao observar o primeiro ano em que a organiza\u00e7\u00e3o n\u00e3o governamental (ONG) Transgender Europe passou a organizar o&nbsp;<em>ranking<\/em>&nbsp;global em 2008, haviam sido notificados&nbsp;58 assassinatos. O ano de 2024 mostrou&nbsp;aumento de 110% em rela\u00e7\u00e3o a 2008, o ano que apresentou o n\u00famero mais baixo de casos relatados, saindo de 58 assassinatos em 2008 para 122 em 2024. De l\u00e1 para c\u00e1, a cada ano, os n\u00fameros se mant\u00eam acima quando observamos o dado inicial de an\u00e1lise.&#8221;<br><\/p>\n","protected":false},"excerpt":{"rendered":"<p>Queda \u00e9 de 16% em rela\u00e7\u00e3o a 2023 Por Letycia Bond &#8211; Rep\u00f3rter da Ag\u00eancia<\/p>\n","protected":false},"author":2,"featured_media":98041,"comment_status":"open","ping_status":"open","sticky":false,"template":"","format":"standard","meta":{"footnotes":""},"categories":[17],"tags":[],"class_list":["post-98040","post","type-post","status-publish","format-standard","has-post-thumbnail","hentry","category-outras-noticias"],"_links":{"self":[{"href":"https:\/\/tvc16.com\/portal\/wp-json\/wp\/v2\/posts\/98040","targetHints":{"allow":["GET"]}}],"collection":[{"href":"https:\/\/tvc16.com\/portal\/wp-json\/wp\/v2\/posts"}],"about":[{"href":"https:\/\/tvc16.com\/portal\/wp-json\/wp\/v2\/types\/post"}],"author":[{"embeddable":true,"href":"https:\/\/tvc16.com\/portal\/wp-json\/wp\/v2\/users\/2"}],"replies":[{"embeddable":true,"href":"https:\/\/tvc16.com\/portal\/wp-json\/wp\/v2\/comments?post=98040"}],"version-history":[{"count":1,"href":"https:\/\/tvc16.com\/portal\/wp-json\/wp\/v2\/posts\/98040\/revisions"}],"predecessor-version":[{"id":98042,"href":"https:\/\/tvc16.com\/portal\/wp-json\/wp\/v2\/posts\/98040\/revisions\/98042"}],"wp:featuredmedia":[{"embeddable":true,"href":"https:\/\/tvc16.com\/portal\/wp-json\/wp\/v2\/media\/98041"}],"wp:attachment":[{"href":"https:\/\/tvc16.com\/portal\/wp-json\/wp\/v2\/media?parent=98040"}],"wp:term":[{"taxonomy":"category","embeddable":true,"href":"https:\/\/tvc16.com\/portal\/wp-json\/wp\/v2\/categories?post=98040"},{"taxonomy":"post_tag","embeddable":true,"href":"https:\/\/tvc16.com\/portal\/wp-json\/wp\/v2\/tags?post=98040"}],"curies":[{"name":"wp","href":"https:\/\/api.w.org\/{rel}","templated":true}]}}