{"id":98060,"date":"2025-01-28T06:00:00","date_gmt":"2025-01-28T09:00:00","guid":{"rendered":"https:\/\/tvc16.com\/portal\/?p=98060"},"modified":"2025-01-27T11:19:20","modified_gmt":"2025-01-27T14:19:20","slug":"ultimos-dias-firjan-senai-esta-com-inscricoes-ate-31-01-para-160-vagas-gratuitas-em-cursos-tecnicos-de-nivel-medio-em-nova-friburgo","status":"publish","type":"post","link":"https:\/\/tvc16.com\/portal\/2025\/01\/28\/ultimos-dias-firjan-senai-esta-com-inscricoes-ate-31-01-para-160-vagas-gratuitas-em-cursos-tecnicos-de-nivel-medio-em-nova-friburgo\/","title":{"rendered":"\u00daltimos dias: Firjan SENAI est\u00e1 com inscri\u00e7\u00f5es at\u00e9 31\/01 para 160 vagas gratuitas em cursos t\u00e9cnicos de n\u00edvel m\u00e9dio em Nova Friburgo"},"content":{"rendered":"\n<p><em>As oportunidades s\u00e3o para t\u00e9cnicos em Mec\u00e2nica, Eletrot\u00e9cnica, Eletromec\u00e2nica e Modelagem do Vestu\u00e1rio, no turno da noite. Inscri\u00e7\u00f5es podem ser feitas diretamente nas unidades do Centro e Espa\u00e7o da Moda<\/em><\/p>\n\n\n\n<p><\/p>\n\n\n\n<p>A Firjan SENAI est\u00e1 com inscri\u00e7\u00f5es abertas at\u00e9 31\/01 para 160 vagas gratuitas em cursos t\u00e9cnicos de n\u00edvel m\u00e9dio em Nova Friburgo. As oportunidades s\u00e3o para t\u00e9cnicos em Mec\u00e2nica, Eletrot\u00e9cnica, Eletromec\u00e2nica e Modelagem do Vestu\u00e1rio (Espa\u00e7o da Moda). Para se inscrever, o candidato deve ir diretamente na unidade de sua escolha: Firjan SENAI Centro &#8211; que fica na Rua Prefeito Jos\u00e9 Eug\u00eanio M\u00fcller, 220 \u2013 Centro; e Firjan SENAI Espa\u00e7o da Moda \u2013 que fica na Av. Conselheiro J\u00falius Arp, 85 \u2013 Centro. As aulas ter\u00e3o in\u00edcio em 17 de fevereiro, no turno da noite. O edital est\u00e1 dispon\u00edvel no local.<\/p>\n\n\n\n<p>Todos os cursos contam com 80% da carga hor\u00e1ria realizada em aulas e atividades presenciais, e 20% autoestudo \u2013 ou seja, ser\u00e3o quatro dias da semana na unidade Firjan SENAI e um dia para o aluno desenvolver atividades individuais, indicadas pelo instrutor ou estudos realizados em Ambiente Virtual de Aprendizagem (AVA). Por isso, \u00e9 fundamental que o candidato tenha acesso a um computador com conex\u00e3o \u00e0 internet.<\/p>\n\n\n\n<p>\u201cEm um cen\u00e1rio de crescente demanda por profissionais qualificados, os cursos gratuitos oferecidos pela Firjan SENAI s\u00e3o uma oportunidade \u00fanica para quem busca se destacar e construir uma carreira promissora no mercado de trabalho, expandindo seus horizontes de empregabilidade e atendendo \u00e0s necessidades das ind\u00fastrias. Para tanto, contamos com cursos atualizados, laborat\u00f3rios modernos e um corpo t\u00e9cnico altamente capacitado \u00e0 disposi\u00e7\u00e3o da sociedade, para assim contribuirmos com o desenvolvimento socioecon\u00f4mico de todas as regi\u00f5es do estado do Rio\u201d, comenta&nbsp;<strong>Edson Melo, gerente de Educa\u00e7\u00e3o Profissional da Firjan SENAI.<\/strong><\/p>\n\n\n\n<p><strong>Processo seletivo<\/strong><\/p>\n\n\n\n<p>Para participar, os candidatos devem preencher os pr\u00e9-requisitos espec\u00edficos dos cursos desejados, incluindo idade e escolaridade, al\u00e9m de renda familiar mensal per capita bruta seja de at\u00e9 1,5 sal\u00e1rio-m\u00ednimo federal, comprovado por meio de uma autodeclara\u00e7\u00e3o.<\/p>\n\n\n\n<p>A prova de sele\u00e7\u00e3o ser\u00e1 realizada no dia 1\u00ba de fevereiro de 2025, das 10h \u00e0s 12h, consistindo em quest\u00f5es de m\u00faltipla escolha de L\u00edngua Portuguesa e Matem\u00e1tica. Os candidatos devem apresentar comprovante de inscri\u00e7\u00e3o, documento oficial com foto e caneta esferogr\u00e1fica azul ou preta.<\/p>\n\n\n\n<p><strong>Cronograma<\/strong><\/p>\n\n\n\n<p>&#8211; Inscri\u00e7\u00f5es: at\u00e9 31\/01\/2025<\/p>\n\n\n\n<p>&#8211; Prova: 01\/02\/2025, das 10h \u00e0s 12h<\/p>\n\n\n\n<p>&#8211; Divulga\u00e7\u00e3o da classifica\u00e7\u00e3o: 07\/02\/2025<\/p>\n\n\n\n<p>&#8211; Matr\u00edculas: 07\/02 a 12\/02\/2025<\/p>\n\n\n\n<p>&#8211; In\u00edcio do Curso: 17\/02\/2025<\/p>\n\n\n\n<p>N\u00e3o haver\u00e1 cobran\u00e7a de taxa de inscri\u00e7\u00e3o e matr\u00edcula. O resultado ser\u00e1 divulgado na unidade Firjan SENAI onde o candidato realizou a prova. Em caso de empate, crit\u00e9rios de desempate incluem maior nota em L\u00edngua Portuguesa, maior nota em Matem\u00e1tica, maior idade e ordem de inscri\u00e7\u00e3o.<\/p>\n","protected":false},"excerpt":{"rendered":"<p>As oportunidades s\u00e3o para t\u00e9cnicos em Mec\u00e2nica, Eletrot\u00e9cnica, Eletromec\u00e2nica e Modelagem do Vestu\u00e1rio, no turno<\/p>\n","protected":false},"author":2,"featured_media":98061,"comment_status":"open","ping_status":"open","sticky":false,"template":"","format":"standard","meta":{"footnotes":""},"categories":[17],"tags":[],"class_list":["post-98060","post","type-post","status-publish","format-standard","has-post-thumbnail","hentry","category-outras-noticias"],"_links":{"self":[{"href":"https:\/\/tvc16.com\/portal\/wp-json\/wp\/v2\/posts\/98060","targetHints":{"allow":["GET"]}}],"collection":[{"href":"https:\/\/tvc16.com\/portal\/wp-json\/wp\/v2\/posts"}],"about":[{"href":"https:\/\/tvc16.com\/portal\/wp-json\/wp\/v2\/types\/post"}],"author":[{"embeddable":true,"href":"https:\/\/tvc16.com\/portal\/wp-json\/wp\/v2\/users\/2"}],"replies":[{"embeddable":true,"href":"https:\/\/tvc16.com\/portal\/wp-json\/wp\/v2\/comments?post=98060"}],"version-history":[{"count":1,"href":"https:\/\/tvc16.com\/portal\/wp-json\/wp\/v2\/posts\/98060\/revisions"}],"predecessor-version":[{"id":98062,"href":"https:\/\/tvc16.com\/portal\/wp-json\/wp\/v2\/posts\/98060\/revisions\/98062"}],"wp:featuredmedia":[{"embeddable":true,"href":"https:\/\/tvc16.com\/portal\/wp-json\/wp\/v2\/media\/98061"}],"wp:attachment":[{"href":"https:\/\/tvc16.com\/portal\/wp-json\/wp\/v2\/media?parent=98060"}],"wp:term":[{"taxonomy":"category","embeddable":true,"href":"https:\/\/tvc16.com\/portal\/wp-json\/wp\/v2\/categories?post=98060"},{"taxonomy":"post_tag","embeddable":true,"href":"https:\/\/tvc16.com\/portal\/wp-json\/wp\/v2\/tags?post=98060"}],"curies":[{"name":"wp","href":"https:\/\/api.w.org\/{rel}","templated":true}]}}