{"id":98066,"date":"2025-01-28T06:00:00","date_gmt":"2025-01-28T09:00:00","guid":{"rendered":"https:\/\/tvc16.com\/portal\/?p=98066"},"modified":"2025-01-27T11:40:51","modified_gmt":"2025-01-27T14:40:51","slug":"inss-pericias-com-medicos-em-greve-serao-automaticamente-reagendadas","status":"publish","type":"post","link":"https:\/\/tvc16.com\/portal\/2025\/01\/28\/inss-pericias-com-medicos-em-greve-serao-automaticamente-reagendadas\/","title":{"rendered":"INSS: per\u00edcias com m\u00e9dicos em greve ser\u00e3o automaticamente reagendadas"},"content":{"rendered":"\n<p><em>Remarca\u00e7\u00f5es ser\u00e3o feitas a partir desta segunda-feira<\/em><\/p>\n\n\n\n<p>Por Paula Laboissi\u00e8re &#8211; Rep\u00f3rter da Ag\u00eancia Brasil \/ Foto: Valter Campanato\/Ag\u00eancia Brasil; Ag\u00eancia Brasil<br><br><\/p>\n\n\n\n<p>A partir desta segunda-feira (27), as per\u00edcias que est\u00e3o direcionadas a m\u00e9dicos em estado de greve ser\u00e3o automaticamente reagendadas pela Dataprev para outro perito que esteja atendendo normalmente.<img decoding=\"async\" src=\"https:\/\/agenciabrasil.ebc.com.br\/ebc.png?id=1628058&amp;o=node\"><img decoding=\"async\" src=\"https:\/\/agenciabrasil.ebc.com.br\/ebc.gif?id=1628058&amp;o=node\"><\/p>\n\n\n\n<p>\u201cOs m\u00e9dicos que aderiram \u00e0 greve ter\u00e3o as agendas suspensas integralmente e ser\u00e1 promovido o desconto integral dos sal\u00e1rios referentes ao per\u00edodo em que o participante continuar em greve\u201d, informou o Minist\u00e9rio da Previd\u00eancia Social.<\/p>\n\n\n\n<p>De acordo com a pasta, os segurados que precisam passar por per\u00edcia ser\u00e3o notificados sobre o dia e o hor\u00e1rio do novo agendamento por meio da Central 135 ou pelo aplicativo Meu INSS (mensagens autom\u00e1ticas).<\/p>\n\n\n\n<p>\u201cA medida administrativa visa proteger os requerentes e preservar o interesse p\u00fablico, assegurando a continuidade da presta\u00e7\u00e3o dos servi\u00e7os p\u00fablicos essenciais da Per\u00edcia M\u00e9dica Federal e a realiza\u00e7\u00e3o dos atendimentos dos requerentes da Previd\u00eancia Social.\u201d<\/p>\n\n\n\n<h2 class=\"wp-block-heading\">Greve<\/h2>\n\n\n\n<p>Segundo o minist\u00e9rio, desde setembro de 2024, cerca de 10% dos peritos fazem greve parcial, atendendo n\u00famero reduzido de per\u00edcias.<\/p>\n\n\n\n<p>\u201cO modelo contraria o dever de comunica\u00e7\u00e3o pr\u00e9via nos casos de paralisa\u00e7\u00e3o de servi\u00e7os essenciais, conforme a Lei n.\u00ba 7.783, de 28 de junho de 1989, e impede que a administra\u00e7\u00e3o possa mitigar o dano ocasionado pela falta do perito m\u00e9dico e organizar os atendimentos, remarcando as per\u00edcias m\u00e9dicas que n\u00e3o ser\u00e3o realizadas.\u201d<\/p>\n\n\n\n<p>O motivo da greve, de acordo com a pasta, \u00e9 a inconformidade de associa\u00e7\u00e3o da categoria com ac\u00f3rd\u00e3o do Tribunal de Contas da Uni\u00e3o (TCU) que declarou ilegais&nbsp;dispositivos do acordo de greve de 2022, que reduziu em 40% a produtividade dos peritos.<\/p>\n\n\n\n<p>\u201cSeguindo decis\u00e3o do TCU, o Minist\u00e9rio da Previd\u00eancia Social criou novo Programa de Gest\u00e3o e Desempenho para a categoria, o que resultou em aumento da produtividade. A ades\u00e3o ao novo PGD atingiu 90% dos peritos.\u201d<\/p>\n","protected":false},"excerpt":{"rendered":"<p>Remarca\u00e7\u00f5es ser\u00e3o feitas a partir desta segunda-feira Por Paula Laboissi\u00e8re &#8211; Rep\u00f3rter da Ag\u00eancia Brasil<\/p>\n","protected":false},"author":2,"featured_media":98067,"comment_status":"open","ping_status":"open","sticky":false,"template":"","format":"standard","meta":{"footnotes":""},"categories":[17],"tags":[],"class_list":["post-98066","post","type-post","status-publish","format-standard","has-post-thumbnail","hentry","category-outras-noticias"],"_links":{"self":[{"href":"https:\/\/tvc16.com\/portal\/wp-json\/wp\/v2\/posts\/98066","targetHints":{"allow":["GET"]}}],"collection":[{"href":"https:\/\/tvc16.com\/portal\/wp-json\/wp\/v2\/posts"}],"about":[{"href":"https:\/\/tvc16.com\/portal\/wp-json\/wp\/v2\/types\/post"}],"author":[{"embeddable":true,"href":"https:\/\/tvc16.com\/portal\/wp-json\/wp\/v2\/users\/2"}],"replies":[{"embeddable":true,"href":"https:\/\/tvc16.com\/portal\/wp-json\/wp\/v2\/comments?post=98066"}],"version-history":[{"count":1,"href":"https:\/\/tvc16.com\/portal\/wp-json\/wp\/v2\/posts\/98066\/revisions"}],"predecessor-version":[{"id":98068,"href":"https:\/\/tvc16.com\/portal\/wp-json\/wp\/v2\/posts\/98066\/revisions\/98068"}],"wp:featuredmedia":[{"embeddable":true,"href":"https:\/\/tvc16.com\/portal\/wp-json\/wp\/v2\/media\/98067"}],"wp:attachment":[{"href":"https:\/\/tvc16.com\/portal\/wp-json\/wp\/v2\/media?parent=98066"}],"wp:term":[{"taxonomy":"category","embeddable":true,"href":"https:\/\/tvc16.com\/portal\/wp-json\/wp\/v2\/categories?post=98066"},{"taxonomy":"post_tag","embeddable":true,"href":"https:\/\/tvc16.com\/portal\/wp-json\/wp\/v2\/tags?post=98066"}],"curies":[{"name":"wp","href":"https:\/\/api.w.org\/{rel}","templated":true}]}}