{"id":9807,"date":"2021-01-21T21:37:04","date_gmt":"2021-01-22T00:37:04","guid":{"rendered":"https:\/\/tvc16.com\/portal\/?p=9807"},"modified":"2021-01-21T21:37:06","modified_gmt":"2021-01-22T00:37:06","slug":"secretaria-de-relacoes-institucionais-reuniu-representantes-de-diferentes-setores-da-economia-popular-na-casa-dos-conselhos-nesta-quarta-feira-20","status":"publish","type":"post","link":"https:\/\/tvc16.com\/portal\/2021\/01\/21\/secretaria-de-relacoes-institucionais-reuniu-representantes-de-diferentes-setores-da-economia-popular-na-casa-dos-conselhos-nesta-quarta-feira-20\/","title":{"rendered":"Secretaria de Rela\u00e7\u00f5es Institucionais, reuniu representantes de diferentes setores da economia popular na Casa dos Conselhos nesta quarta-feira  (20)"},"content":{"rendered":"\n<p>No encontro, que contou com a presen\u00e7a do vereador Gil Magno (DC), ficou decidido que os ambulantes da Pra\u00e7a Clementina de Jesus \u2013 que fica atr\u00e1s do antigo Extra da Paulo Barbosa \u2013 poderiam retornar as atividades di\u00e1rias no local j\u00e1 nesta quinta (21). O local est\u00e1 passando por obras, por conta da reconstru\u00e7\u00e3o do mercado, e at\u00e9 ent\u00e3o os comerciantes trabalhavam em escala de rod\u00edzio.<\/p>\n\n\n\n<p>\u201cOuvimos todos os lados para chegarmos a um consenso. \u00c9 importante que a obra aconte\u00e7a, gerando empregos diretos e indiretos, mas o com\u00e9rcio ambulante tamb\u00e9m precisa funcionar. Conseguimos acabar com o rod\u00edzio, garantindo que os ambulantes voltassem a trabalhar todos os dias, como sempre aconteceu\u201d, destaca o prefeito interino Hingo Hammes.<\/p>\n\n\n\n<figure class=\"wp-block-image size-large\"><img loading=\"lazy\" decoding=\"async\" width=\"966\" height=\"599\" src=\"https:\/\/tvc16.com\/portal\/wp-content\/uploads\/2021\/01\/20210102_134936-2.jpg\" alt=\"\" class=\"wp-image-9808\" srcset=\"https:\/\/tvc16.com\/portal\/wp-content\/uploads\/2021\/01\/20210102_134936-2.jpg 966w, https:\/\/tvc16.com\/portal\/wp-content\/uploads\/2021\/01\/20210102_134936-2-300x186.jpg 300w, https:\/\/tvc16.com\/portal\/wp-content\/uploads\/2021\/01\/20210102_134936-2-768x476.jpg 768w\" sizes=\"auto, (max-width: 966px) 100vw, 966px\" \/><figcaption>Prefeito interino Hingo Hammes <\/figcaption><\/figure>\n\n\n\n<p><\/p>\n\n\n\n<p><\/p>\n\n\n\n<p>O encontro serviu tamb\u00e9m para esclarecer d\u00favidas sobre o funcionamento do com\u00e9rcio ambulante. Eles pediram solu\u00e7\u00f5es para as dificuldades encontradas neste momento dif\u00edcil da economia e pela pandemia do coronav\u00edrus. Segundo Fernanda Ferreira, secret\u00e1ria de Rela\u00e7\u00f5es Institucionais, a prefeitura quer fomentar a\u00e7\u00f5es que buscam valorizar e fortalecer os ambulantes no local.<\/p>\n\n\n\n<p><\/p>\n\n\n\n<figure class=\"wp-block-image size-large\"><img loading=\"lazy\" decoding=\"async\" width=\"1024\" height=\"485\" src=\"https:\/\/tvc16.com\/portal\/wp-content\/uploads\/2021\/01\/20210121_211050-1024x485.jpg\" alt=\"\" class=\"wp-image-9809\" srcset=\"https:\/\/tvc16.com\/portal\/wp-content\/uploads\/2021\/01\/20210121_211050-1024x485.jpg 1024w, https:\/\/tvc16.com\/portal\/wp-content\/uploads\/2021\/01\/20210121_211050-300x142.jpg 300w, https:\/\/tvc16.com\/portal\/wp-content\/uploads\/2021\/01\/20210121_211050-768x364.jpg 768w, https:\/\/tvc16.com\/portal\/wp-content\/uploads\/2021\/01\/20210121_211050.jpg 1080w\" sizes=\"auto, (max-width: 1024px) 100vw, 1024px\" \/><figcaption>Ambulantes da rua Epit\u00e1cio Pessoa <\/figcaption><\/figure>\n\n\n\n<p>\u201cO nosso objetivo \u00e9 fortalecer junto ao mercado espa\u00e7o para artes\u00e3os e artistas visuais, al\u00e9m de outros artistas de diversas express\u00f5es. Estamos cumprindo uma determina\u00e7\u00e3o do prefeito interino, Hingo Hammes, que ou\u00e7a os diferentes segmentos econ\u00f4micos e busque solu\u00e7\u00f5es para todos os casos\u201d, disse Fernanda.<\/p>\n\n\n\n<p>A reuni\u00e3o contou ainda com representantes do Clementina de Jesus, Epit\u00e1cio de Souza, Pra\u00e7a dos Expedicion\u00e1rios, Pra\u00e7a da Liberdade e de outras regi\u00f5es.<\/p>\n","protected":false},"excerpt":{"rendered":"<p>No encontro, que contou com a presen\u00e7a do vereador Gil Magno (DC), ficou decidido que<\/p>\n","protected":false},"author":2,"featured_media":9810,"comment_status":"open","ping_status":"open","sticky":false,"template":"","format":"standard","meta":{"footnotes":""},"categories":[12],"tags":[],"class_list":["post-9807","post","type-post","status-publish","format-standard","has-post-thumbnail","hentry","category-cidade"],"_links":{"self":[{"href":"https:\/\/tvc16.com\/portal\/wp-json\/wp\/v2\/posts\/9807","targetHints":{"allow":["GET"]}}],"collection":[{"href":"https:\/\/tvc16.com\/portal\/wp-json\/wp\/v2\/posts"}],"about":[{"href":"https:\/\/tvc16.com\/portal\/wp-json\/wp\/v2\/types\/post"}],"author":[{"embeddable":true,"href":"https:\/\/tvc16.com\/portal\/wp-json\/wp\/v2\/users\/2"}],"replies":[{"embeddable":true,"href":"https:\/\/tvc16.com\/portal\/wp-json\/wp\/v2\/comments?post=9807"}],"version-history":[{"count":1,"href":"https:\/\/tvc16.com\/portal\/wp-json\/wp\/v2\/posts\/9807\/revisions"}],"predecessor-version":[{"id":9811,"href":"https:\/\/tvc16.com\/portal\/wp-json\/wp\/v2\/posts\/9807\/revisions\/9811"}],"wp:featuredmedia":[{"embeddable":true,"href":"https:\/\/tvc16.com\/portal\/wp-json\/wp\/v2\/media\/9810"}],"wp:attachment":[{"href":"https:\/\/tvc16.com\/portal\/wp-json\/wp\/v2\/media?parent=9807"}],"wp:term":[{"taxonomy":"category","embeddable":true,"href":"https:\/\/tvc16.com\/portal\/wp-json\/wp\/v2\/categories?post=9807"},{"taxonomy":"post_tag","embeddable":true,"href":"https:\/\/tvc16.com\/portal\/wp-json\/wp\/v2\/tags?post=9807"}],"curies":[{"name":"wp","href":"https:\/\/api.w.org\/{rel}","templated":true}]}}