{"id":98072,"date":"2025-01-28T05:00:00","date_gmt":"2025-01-28T08:00:00","guid":{"rendered":"https:\/\/tvc16.com\/portal\/?p=98072"},"modified":"2025-01-27T13:51:57","modified_gmt":"2025-01-27T16:51:57","slug":"prefeitura-de-teresopolis-lanca-edital-para-contratacao-de-professores-para-as-escolas-municipais","status":"publish","type":"post","link":"https:\/\/tvc16.com\/portal\/2025\/01\/28\/prefeitura-de-teresopolis-lanca-edital-para-contratacao-de-professores-para-as-escolas-municipais\/","title":{"rendered":"Prefeitura de Teres\u00f3polis lan\u00e7a edital para contrata\u00e7\u00e3o de professores para as escolas municipais"},"content":{"rendered":"\n<p><em>Inscri\u00e7\u00f5es gratuitas e entrega de documentos acontecem dias 17 e 18 de fevereiro<\/em><\/p>\n\n\n\n<p>A Prefeitura de Teres\u00f3polis, por meio das secretarias municipais de Educa\u00e7\u00e3o e de Administra\u00e7\u00e3o, publicou na \u00faltima sexta-feira (24), o edital do III Processo Seletivo Simplificado para contrata\u00e7\u00e3o tempor\u00e1ria de 86 professores dos Anos Finais do Ensino Fundamental (6\u00ba ao 9\u00ba ano). As vagas e cadastros de reserva s\u00e3o para suprir as necessidades da rede municipal de ensino.<\/p>\n\n\n\n<p>\u201cO pagamento dos servidores \u00e9 uma prioridade da nossa gest\u00e3o e todos os esfor\u00e7os est\u00e3o sendo feitos para regularizar todas as pend\u00eancias deixadas pelo governo passado. Entretanto, n\u00e3o podemos deixar faltar professores nas salas de aula. Esse tamb\u00e9m \u00e9 um dos&nbsp;nossos compromissos mais importantes! Por isso, estamos realizando este processo seletivo para que os alunos da rede municipal tenham um ensino de qualidade\u201d, enfatizou o Prefeito Leonardo Vasconcellos.&nbsp;<\/p>\n\n\n\n<p>As inscri\u00e7\u00f5es gratuitas, com entrega de documentos, ser\u00e3o realizadas nos dias 17 e 18 de fevereiro, das 10h \u00e0s 17h, na Secretaria de Educa\u00e7\u00e3o (Rua Carmela Dutra, 475, em Agri\u00f5es). Os selecionados receber\u00e3o remunera\u00e7\u00e3o bruta de R$ 3.606,65 para uma carga hor\u00e1ria de 16 horas semanais, sendo contratados pelo per\u00edodo de 12 meses, com possibilidade de prorroga\u00e7\u00e3o por igual per\u00edodo.<\/p>\n\n\n\n<p>O edital, com data de inscri\u00e7\u00e3o, requisitos a serem preenchidos pelos futuros candidatos e documentos a serem apresentados, entre outras informa\u00e7\u00f5es, pode ser consultado por meio do link&nbsp;<a rel=\"noreferrer noopener\" target=\"_blank\" href=\"https:\/\/na01.safelinks.protection.outlook.com\/?url=https%3A%2F%2Fatos.teresopolis.rj.gov.br%2Fdiario%2F%23%2Fdiario%2F2849&amp;data=05%7C02%7C%7C943c1ff7a5c545893b4d08dd3ef2a8bf%7C84df9e7fe9f640afb435aaaaaaaaaaaa%7C1%7C0%7C638735934122334275%7CUnknown%7CTWFpbGZsb3d8eyJFbXB0eU1hcGkiOnRydWUsIlYiOiIwLjAuMDAwMCIsIlAiOiJXaW4zMiIsIkFOIjoiTWFpbCIsIldUIjoyfQ%3D%3D%7C0%7C%7C%7C&amp;sdata=aXfKLkfgIGnbuN4rx7j16JMaOQO4epHks%2BCJ6zVV0Ps%3D&amp;reserved=0\"><u>https:\/\/atos.teresopolis.rj.gov.br\/diario\/#\/diario\/2849<\/u><\/a>.<\/p>\n\n\n\n<p>Foto: divulga\u00e7\u00e3o<\/p>\n","protected":false},"excerpt":{"rendered":"<p>Inscri\u00e7\u00f5es gratuitas e entrega de documentos acontecem dias 17 e 18 de fevereiro A Prefeitura<\/p>\n","protected":false},"author":2,"featured_media":98073,"comment_status":"open","ping_status":"open","sticky":false,"template":"","format":"standard","meta":{"footnotes":""},"categories":[17],"tags":[],"class_list":["post-98072","post","type-post","status-publish","format-standard","has-post-thumbnail","hentry","category-outras-noticias"],"_links":{"self":[{"href":"https:\/\/tvc16.com\/portal\/wp-json\/wp\/v2\/posts\/98072","targetHints":{"allow":["GET"]}}],"collection":[{"href":"https:\/\/tvc16.com\/portal\/wp-json\/wp\/v2\/posts"}],"about":[{"href":"https:\/\/tvc16.com\/portal\/wp-json\/wp\/v2\/types\/post"}],"author":[{"embeddable":true,"href":"https:\/\/tvc16.com\/portal\/wp-json\/wp\/v2\/users\/2"}],"replies":[{"embeddable":true,"href":"https:\/\/tvc16.com\/portal\/wp-json\/wp\/v2\/comments?post=98072"}],"version-history":[{"count":2,"href":"https:\/\/tvc16.com\/portal\/wp-json\/wp\/v2\/posts\/98072\/revisions"}],"predecessor-version":[{"id":98083,"href":"https:\/\/tvc16.com\/portal\/wp-json\/wp\/v2\/posts\/98072\/revisions\/98083"}],"wp:featuredmedia":[{"embeddable":true,"href":"https:\/\/tvc16.com\/portal\/wp-json\/wp\/v2\/media\/98073"}],"wp:attachment":[{"href":"https:\/\/tvc16.com\/portal\/wp-json\/wp\/v2\/media?parent=98072"}],"wp:term":[{"taxonomy":"category","embeddable":true,"href":"https:\/\/tvc16.com\/portal\/wp-json\/wp\/v2\/categories?post=98072"},{"taxonomy":"post_tag","embeddable":true,"href":"https:\/\/tvc16.com\/portal\/wp-json\/wp\/v2\/tags?post=98072"}],"curies":[{"name":"wp","href":"https:\/\/api.w.org\/{rel}","templated":true}]}}