{"id":98078,"date":"2025-01-27T13:29:51","date_gmt":"2025-01-27T16:29:51","guid":{"rendered":"https:\/\/tvc16.com\/portal\/?p=98078"},"modified":"2025-01-27T13:29:52","modified_gmt":"2025-01-27T16:29:52","slug":"rio-de-janeiro-confirma-primeira-morte-por-dengue-este-ano","status":"publish","type":"post","link":"https:\/\/tvc16.com\/portal\/2025\/01\/27\/rio-de-janeiro-confirma-primeira-morte-por-dengue-este-ano\/","title":{"rendered":"Rio de Janeiro confirma primeira morte por dengue este ano"},"content":{"rendered":"\n<p>A Secretaria Municipal de Sa\u00fade do Rio de Janeiro confirmou nesta segunda-feira (27) a primeira morte por dengue ocorrida na cidade. A v\u00edtima \u00e9 um homem de 38 anos de idade, morador de Campo Grande, na zona oeste da capital.<img decoding=\"async\" src=\"https:\/\/agenciabrasil.ebc.com.br\/ebc.png?id=1628090&amp;o=node\"><img decoding=\"async\" src=\"https:\/\/agenciabrasil.ebc.com.br\/ebc.gif?id=1628090&amp;o=node\"><\/p>\n\n\n\n<p>Entre os dias 6 e 10 de janeiro, a secretaria fez o primeiro Levantamento R\u00e1pido de \u00cdndices para Aedes aegypti (LIRAa) de 2025. Mais de 2 mil agentes de vigil\u00e2ncia em sa\u00fade vistoriaram mais de 100 mil im\u00f3veis para coletar as amostras, que foram enviadas para o laborat\u00f3rio de entomologia. Foi constatada uma melhora no \u00edndice de infesta\u00e7\u00e3o, que passou de 0,79% no mesmo per\u00edodo em 2024 para 0,74%, em 2025. O resultado \u00e9 positivo, indicando redu\u00e7\u00e3o em compara\u00e7\u00e3o com o ver\u00e3o anterior, na avalia\u00e7\u00e3o da pasta.<\/p>\n\n\n\n<p>Ao todo, 102.316 mil im\u00f3veis passaram por inspe\u00e7\u00e3o em toda a cidade. Dos 247 estratos trabalhados, mais da metade (178) estavam com o \u00cdndice de Infesta\u00e7\u00e3o Predial &#8211; IIP satisfat\u00f3rio (menor que 1%); 64 na faixa de alerta (de 1% a 3,9% ) e apenas cinco na classifica\u00e7\u00e3o de risco (infesta\u00e7\u00e3o acima de 3,9%). Em tr\u00eas \u00e1reas da cidade, com bairros que abrangem a regi\u00e3o central e a zona oeste, foram apresentadas situa\u00e7\u00e3o de alerta.<\/p>\n\n\n\n<p>\u201cQuatro vezes por ano, os agentes de sa\u00fade fazem o LIRAa para verificar o \u00edndice de infesta\u00e7\u00e3o do Aedes aegypti. O objetivo desse monitoramento \u00e9 identificar as \u00e1reas de maior circula\u00e7\u00e3o do mosquito e os tipos de dep\u00f3sitos mais comuns, permitindo uma abordagem mais eficaz para o controle da infesta\u00e7\u00e3o. Com isso, \u00e9 poss\u00edvel direcionar as informa\u00e7\u00f5es de preven\u00e7\u00e3o e alertar a popula\u00e7\u00e3o sobre onde est\u00e1 o foco de \u00e1gua parada, que \u00e9 mais perigoso e tem maior risco de prolifera\u00e7\u00e3o dos mosquitos\u201d, explicou o secret\u00e1rio municipal de Sa\u00fade, Daniel Soranz.<\/p>\n\n\n\n<p>Os focos mais predominantes (29,8%) foram encontrados em dep\u00f3sitos m\u00f3veis como vasos\/frascos com plantas, pingadeiras, recipientes de degelo de geladeiras, bebedouros, pequenas fontes ornamentais, materiais em dep\u00f3sitos de constru\u00e7\u00f5es e objetos religiosos.&nbsp;<\/p>\n\n\n\n<p>A orienta\u00e7\u00e3o para evitar a prolifera\u00e7\u00e3o de mosquitos nesse tipo de recipiente \u00e9 realizar a limpeza semanal com bucha ou esponja esfregando as paredes do recipiente pelo menos uma vez por semana. Outro tipo de dep\u00f3sito tamb\u00e9m se destacou, os ralos, cujos cuidados recomendados s\u00e3o a limpeza semanal, a veda\u00e7\u00e3o ou telagem.<\/p>\n\n\n\n<p>\u201c\u00c9 essencial que todos se engajem na luta contra a dengue. Embora tenhamos registrado uma melhora em rela\u00e7\u00e3o ao ano passado, ainda existem \u00e1reas da cidade que requerem aten\u00e7\u00e3o especial. \u00c9 importante destacar que ainda h\u00e1 regi\u00f5es que est\u00e3o nas faixas de alerta e risco. Diante disso, eu fa\u00e7o um apelo \u00e0 popula\u00e7\u00e3o carioca para que continue tomando todos os cuidados necess\u00e1rios para preven\u00e7\u00e3o contra o mosquito Aedes aegypti. E tamb\u00e9m volto a convocar pais e respons\u00e1veis a levarem seus filhos de 10 a 14 anos \u00e0s unidades de sa\u00fade para se vacinarem contra a dengue\u201d, refor\u00e7ou Soranz.<\/p>\n\n\n\n<p>Ag\u00eancia Brasil<br>Foto: \u00a9 41330\/Pixabay<br><\/p>\n","protected":false},"excerpt":{"rendered":"<p>A Secretaria Municipal de Sa\u00fade do Rio de Janeiro confirmou nesta segunda-feira (27) a primeira<\/p>\n","protected":false},"author":2,"featured_media":98080,"comment_status":"open","ping_status":"open","sticky":false,"template":"","format":"standard","meta":{"footnotes":""},"categories":[17],"tags":[],"class_list":["post-98078","post","type-post","status-publish","format-standard","has-post-thumbnail","hentry","category-outras-noticias"],"_links":{"self":[{"href":"https:\/\/tvc16.com\/portal\/wp-json\/wp\/v2\/posts\/98078","targetHints":{"allow":["GET"]}}],"collection":[{"href":"https:\/\/tvc16.com\/portal\/wp-json\/wp\/v2\/posts"}],"about":[{"href":"https:\/\/tvc16.com\/portal\/wp-json\/wp\/v2\/types\/post"}],"author":[{"embeddable":true,"href":"https:\/\/tvc16.com\/portal\/wp-json\/wp\/v2\/users\/2"}],"replies":[{"embeddable":true,"href":"https:\/\/tvc16.com\/portal\/wp-json\/wp\/v2\/comments?post=98078"}],"version-history":[{"count":1,"href":"https:\/\/tvc16.com\/portal\/wp-json\/wp\/v2\/posts\/98078\/revisions"}],"predecessor-version":[{"id":98081,"href":"https:\/\/tvc16.com\/portal\/wp-json\/wp\/v2\/posts\/98078\/revisions\/98081"}],"wp:featuredmedia":[{"embeddable":true,"href":"https:\/\/tvc16.com\/portal\/wp-json\/wp\/v2\/media\/98080"}],"wp:attachment":[{"href":"https:\/\/tvc16.com\/portal\/wp-json\/wp\/v2\/media?parent=98078"}],"wp:term":[{"taxonomy":"category","embeddable":true,"href":"https:\/\/tvc16.com\/portal\/wp-json\/wp\/v2\/categories?post=98078"},{"taxonomy":"post_tag","embeddable":true,"href":"https:\/\/tvc16.com\/portal\/wp-json\/wp\/v2\/tags?post=98078"}],"curies":[{"name":"wp","href":"https:\/\/api.w.org\/{rel}","templated":true}]}}