{"id":98097,"date":"2025-01-28T05:00:00","date_gmt":"2025-01-28T08:00:00","guid":{"rendered":"https:\/\/tvc16.com\/portal\/?p=98097"},"modified":"2025-01-27T16:53:27","modified_gmt":"2025-01-27T19:53:27","slug":"balcao-de-empregos-da-prefeitura-oferece-mais-54-vagas-para-esta-semana","status":"publish","type":"post","link":"https:\/\/tvc16.com\/portal\/2025\/01\/28\/balcao-de-empregos-da-prefeitura-oferece-mais-54-vagas-para-esta-semana\/","title":{"rendered":"Balc\u00e3o de Empregos da Prefeitura oferece mais 54 vagas para esta semana"},"content":{"rendered":"\n<p>A Prefeitura, por meio do Balc\u00e3o de Empregos, est\u00e1 oferecendo 54 oportunidades de emprego at\u00e9 sexta-feira (31). Os candidatos podem realizar o cadastro de seus curr\u00edculos no site da Prefeitura (https:\/\/www.petropolis.rj.gov.br)<\/p>\n\n\n\n<p>S\u00e3o mais de 30 oportunidades de primeiro emprego que n\u00e3o exigem experi\u00eancia, em vagas para: auxiliar de limpeza, auxiliar de servi\u00e7os gerais, embalador, estagi\u00e1rio, estofador de m\u00f3veis, jovem aprendiz, operador de caixa, dentre outras.<\/p>\n\n\n\n<p>Veja todas as oportunidades desta semana:<\/p>\n\n\n\n<p>Auxiliar Administrativo &#8211; Ensino M\u00e9dio \/ Cursos espec\u00edficos na \u00e1rea \/ Experi\u00eancia de 1 ano na fun\u00e7\u00e3o &#8211; 1 vaga<\/p>\n\n\n\n<p>Auxiliar de Limpeza &#8211; Ensino Fundamental &#8211; 15 vagas<\/p>\n\n\n\n<p>Auxiliar de Servi\u00e7os Gerais &#8211; Ensino Fundamental &#8211; 1 vaga<\/p>\n\n\n\n<p>Cortador \u00e0 Tesoura &#8211; Ensino M\u00e9dio \/ Experi\u00eancia na fun\u00e7\u00e3o &#8211; 1 vaga<\/p>\n\n\n\n<p>Costureira Retista &#8211; Ensino M\u00e9dio \/ Experi\u00eancia de 2 anos na fun\u00e7\u00e3o &#8211; 2 vagas<\/p>\n\n\n\n<p>Embalador &#8211; Ensino M\u00e9dio &#8211; 1 vaga<\/p>\n\n\n\n<p>Estagi\u00e1rio &#8211; Cursando Administra\u00e7\u00e3o, Economia ou Ci\u00eancias Cont\u00e1beis \/ Ingl\u00eas Intermedi\u00e1rio &#8211; 1 vaga<\/p>\n\n\n\n<p>Estofador de M\u00f3veis &#8211; Ensino M\u00e9dio &#8211; 2 vagas<\/p>\n\n\n\n<p>Jardineiro &#8211; Ensino Fundamental \/ Experi\u00eancia de 1 ano na fun\u00e7\u00e3o &#8211; 2 vagas<\/p>\n\n\n\n<p>Jovem Aprendiz &#8211; De 16 a 20 anos \/ Ensino M\u00e9dio &#8211; 1 vaga<\/p>\n\n\n\n<p>L\u00edder Operacional &#8211; Ensino M\u00e9dio \/ Experi\u00eancia de 1 ano na fun\u00e7\u00e3o &#8211; 1 vaga<\/p>\n\n\n\n<p>Marceneiro &#8211; Ensino M\u00e9dio \/ Experi\u00eancia na fun\u00e7\u00e3o &#8211; 2 vagas<\/p>\n\n\n\n<p>Operador de Caixa &#8211; Ensino M\u00e9dio \/ Experi\u00eancia de 1 ano na fun\u00e7\u00e3o &#8211; 5 vagas<\/p>\n\n\n\n<p>Operador de Caixa &#8211; Ensino M\u00e9dio &#8211; 1 vaga<\/p>\n\n\n\n<p>Operador de M\u00e1quina de Usinagem Madeira &#8211; Ensino M\u00e9dio \/ Experi\u00eancia na fun\u00e7\u00e3o &#8211; 2 vagas<\/p>\n\n\n\n<p>Promotor de Vendas &#8211; Ensino M\u00e9dio \/ Experi\u00eancia na fun\u00e7\u00e3o \/ Disponibilidade para viajar &#8211; 1 vaga<\/p>\n\n\n\n<p>Recepcionista de Hotel &#8211; Ensino M\u00e9dio \/ Cursos espec\u00edficos na \u00e1rea \/ Experi\u00eancia de 1 ano na fun\u00e7\u00e3o &#8211; 1 vaga<\/p>\n\n\n\n<p>Supervisor &#8211; Ensino M\u00e9dio \/ Experi\u00eancia de 2 anos na Fun\u00e7\u00e3o &#8211; 1 vaga<\/p>\n\n\n\n<p>Supervisor de Marcenaria &#8211; Experi\u00eancia na fun\u00e7\u00e3o &#8211; 1 vaga<\/p>\n\n\n\n<p>T\u00e9cnico em Seguran\u00e7a do Trabalho &#8211; Ensino M\u00e9dio \/ Cursos espec\u00edficos na \u00e1rea \/ CNH Cat. B \/ Disponibilidade para viajar &#8211; 1 vaga<\/p>\n\n\n\n<p>Vendedor &#8211; Ensino M\u00e9dio \/ Disponibilidade para viajar &#8211; 10 vagas<\/p>\n\n\n\n<p>Vistoriante Comercial &#8211; Ensino M\u00e9dio \/ CNH Cat AB \/ Experi\u00eancia na Fun\u00e7\u00e3o &#8211; 1 vaga<\/p>\n\n\n\n<p>Foto: Ag\u00eancia Brasil<\/p>\n","protected":false},"excerpt":{"rendered":"<p>A Prefeitura, por meio do Balc\u00e3o de Empregos, est\u00e1 oferecendo 54 oportunidades de emprego at\u00e9<\/p>\n","protected":false},"author":2,"featured_media":94894,"comment_status":"open","ping_status":"open","sticky":false,"template":"","format":"standard","meta":{"footnotes":""},"categories":[12],"tags":[],"class_list":["post-98097","post","type-post","status-publish","format-standard","has-post-thumbnail","hentry","category-cidade"],"_links":{"self":[{"href":"https:\/\/tvc16.com\/portal\/wp-json\/wp\/v2\/posts\/98097","targetHints":{"allow":["GET"]}}],"collection":[{"href":"https:\/\/tvc16.com\/portal\/wp-json\/wp\/v2\/posts"}],"about":[{"href":"https:\/\/tvc16.com\/portal\/wp-json\/wp\/v2\/types\/post"}],"author":[{"embeddable":true,"href":"https:\/\/tvc16.com\/portal\/wp-json\/wp\/v2\/users\/2"}],"replies":[{"embeddable":true,"href":"https:\/\/tvc16.com\/portal\/wp-json\/wp\/v2\/comments?post=98097"}],"version-history":[{"count":1,"href":"https:\/\/tvc16.com\/portal\/wp-json\/wp\/v2\/posts\/98097\/revisions"}],"predecessor-version":[{"id":98098,"href":"https:\/\/tvc16.com\/portal\/wp-json\/wp\/v2\/posts\/98097\/revisions\/98098"}],"wp:featuredmedia":[{"embeddable":true,"href":"https:\/\/tvc16.com\/portal\/wp-json\/wp\/v2\/media\/94894"}],"wp:attachment":[{"href":"https:\/\/tvc16.com\/portal\/wp-json\/wp\/v2\/media?parent=98097"}],"wp:term":[{"taxonomy":"category","embeddable":true,"href":"https:\/\/tvc16.com\/portal\/wp-json\/wp\/v2\/categories?post=98097"},{"taxonomy":"post_tag","embeddable":true,"href":"https:\/\/tvc16.com\/portal\/wp-json\/wp\/v2\/tags?post=98097"}],"curies":[{"name":"wp","href":"https:\/\/api.w.org\/{rel}","templated":true}]}}