{"id":98099,"date":"2025-01-28T08:12:18","date_gmt":"2025-01-28T11:12:18","guid":{"rendered":"https:\/\/tvc16.com\/portal\/?p=98099"},"modified":"2025-01-28T08:12:20","modified_gmt":"2025-01-28T11:12:20","slug":"rio-e-cidade-em-que-usuario-gasta-mais-tempo-para-deslocamento","status":"publish","type":"post","link":"https:\/\/tvc16.com\/portal\/2025\/01\/28\/rio-e-cidade-em-que-usuario-gasta-mais-tempo-para-deslocamento\/","title":{"rendered":"Rio \u00e9 cidade em que usu\u00e1rio gasta mais tempo para deslocamento"},"content":{"rendered":"\n<p><em>Tempo m\u00e9dio \u00e9 de 58 minutos<\/em><\/p>\n\n\n\n<p>Por Douglas Corr\u00eaa &#8211; Rep\u00f3rter da Ag\u00eancia Brasil \/ Foto: Fernando Fraz\u00e3o\/Ag\u00eancia Brasil<\/p>\n\n\n\n<p><\/p>\n\n\n\n<p>O&nbsp;aplicativo de mobilidade urbana mais utilizado no mundo, Moovit, lan\u00e7ou neste ano&nbsp;o&nbsp;Relat\u00f3rio Global sobre Transporte P\u00fablico de 2024.&nbsp;O documento combina as informa\u00e7\u00f5es com pesquisa realizada com 76 mil usu\u00e1rios para ilustrar tend\u00eancias de mobilidade urbana.<img decoding=\"async\" src=\"https:\/\/agenciabrasil.ebc.com.br\/ebc.png?id=1628144&amp;o=node\"><img decoding=\"async\" src=\"https:\/\/agenciabrasil.ebc.com.br\/ebc.gif?id=1628144&amp;o=node\"><\/p>\n\n\n\n<p>Entre todas as cidades analisadas no relat\u00f3rio, o Rio de Janeiro ficou entre as dez&nbsp;com maior tempo m\u00e9dio de deslocamento, com 58 minutos. Na pesquisa, usu\u00e1rios do Moovit foram perguntados sobre o que os faria usar mais o transporte p\u00fablico. Para 36%, mais ve\u00edculos \u00e9 fundamental,&nbsp;23% pedem hor\u00e1rios confi\u00e1veis&nbsp;e 14% querem passagens mais baratas.<\/p>\n\n\n\n<p>De acordo com o documento, dez&nbsp;regi\u00f5es metropolitanas brasileiras fazem parte do relat\u00f3rio: Belo Horizonte, Bras\u00edlia, Campinas, Curitiba, Fortaleza, Porto Alegre, Recife, Rio de Janeiro, Salvador e S\u00e3o Paulo. A pesquisa foi realizada em novembro de 2024&nbsp;e todos os dados s\u00e3o an\u00f4nimos.<\/p>\n\n\n\n<p>O cart\u00e3o de transporte \u00e9 a forma preferida de pagar da maioria dos brasileiros: 71%. J\u00e1 15% dos curitibanos preferem pagar com cart\u00e3o de d\u00e9bito ou cr\u00e9dito. Para 14% dos passageiros do&nbsp;Recife e de Porto Alegre, dinheiro \u00e9 a forma preferencial de pagamento, maior \u00edndice no pa\u00eds.<\/p>\n\n\n\n<p>O vice-presidente de produto do Moovit, Ziv Kabaretti, disse que &#8220;\u00e0 medida que as cidades continuam a se desenvolver, compreender as experi\u00eancias di\u00e1rias dos passageiros de transporte p\u00fablico \u00e9 crucial para melhorar o futuro da mobilidade&#8221;, Segundo o executivo, \u201co relat\u00f3rio Global de Transporte P\u00fablico do Moovit 2024 n\u00e3o apenas destaca os desafios que ainda existem, mas&nbsp;mostra os avan\u00e7os positivos que est\u00e3o sendo feitos ao redor do mundo para tornar deslocamentos mais convenientes, eficientes e acess\u00edvel\u201d, observou.<\/p>\n\n\n\n<h2 class=\"wp-block-heading\">Expans\u00e3o<\/h2>\n\n\n\n<p>A Secretaria Municipal de Transporte do Rio&nbsp;informou, em nota, que \u00e9 preciso lembrar que, ao longo dos anos, a cidade se expandiu para fora de seu eixo central, onde est\u00e1&nbsp;concentrada&nbsp;a maioria das oportunidades de emprego. Citou a implementa\u00e7\u00e3o&nbsp;de pol\u00edticas p\u00fablicas para promover a reocupa\u00e7\u00e3o da regi\u00e3o central, al\u00e9m da recupera\u00e7\u00e3o de todo o modal de transporte. A situa\u00e7\u00e3o foi agravada com o consequente decl\u00ednio do centro, por causa da crise econ\u00f4mica vivida pelo pa\u00eds a partir de 2014\u201d, afirmou,&nbsp;em nota, a secretaria. &nbsp;<\/p>\n\n\n\n<p>Entre essas pol\u00edticas lembrou a revitaliza\u00e7\u00e3o da regi\u00e3o, como altera\u00e7\u00f5es no Plano Diretor, o Reviver Centro e o Reviver Cultural,&nbsp;al\u00e9m de viabilizar constru\u00e7\u00f5es como o Porto Maravalley, o Terminal de Integra\u00e7\u00e3o Intermodal Gentileza e a transforma\u00e7\u00e3o da Esta\u00e7\u00e3o Leopoldina em local com moradias do Minha Casa, Minha Vida, Cl\u00ednica da Fam\u00edlia e a Cidade do Samba 2. &nbsp;<\/p>\n\n\n\n<p>O corredor Transbrasil foi inaugurado com dois terminais de integra\u00e7\u00e3o, Deodoro e Gentileza, que integram \u00f4nibus, trem e VLT. S\u00f3 a entrada em funcionamento da Transbrasil permitiu uma redu\u00e7\u00e3o m\u00e9dia de 50 minutos ou 32% do tempo total de viagem para quem fazia o trajeto entre Campo Grande e Candel\u00e1ria.<\/p>\n\n\n\n<h2 class=\"wp-block-heading\">Deslocamento<\/h2>\n\n\n\n<p>No Sistema de Transporte P\u00fablico por \u00d4nibus, tamb\u00e9m houve avan\u00e7o no sentido de melhorar o deslocamento da popula\u00e7\u00e3o. Desde junho de 2022, 194 linhas de \u00f4nibus foram retomadas ou criadas na cidade (aumento de mais de 70%) e mais de 800 pontos de \u00f4nibus foram reativados. O n\u00famero de quil\u00f4metros percorridos por dia \u00fatil dobrou, passando de 677 mil para cerca de 1,2 milh\u00e3o de quil\u00f4metros por dia.<\/p>\n\n\n\n<p>Essas medidas&nbsp;melhoraram a integra\u00e7\u00e3o entre regi\u00f5es da cidade e reduziram o tempo de deslocamento dos passageiros. O BRT, que transportava cerca de 150 mil pessoas em 2021, hoje atende a mais de 500 mil pessoas.<br><\/p>\n","protected":false},"excerpt":{"rendered":"<p>Tempo m\u00e9dio \u00e9 de 58 minutos Por Douglas Corr\u00eaa &#8211; Rep\u00f3rter da Ag\u00eancia Brasil \/<\/p>\n","protected":false},"author":2,"featured_media":98100,"comment_status":"open","ping_status":"open","sticky":false,"template":"","format":"standard","meta":{"footnotes":""},"categories":[17],"tags":[],"class_list":["post-98099","post","type-post","status-publish","format-standard","has-post-thumbnail","hentry","category-outras-noticias"],"_links":{"self":[{"href":"https:\/\/tvc16.com\/portal\/wp-json\/wp\/v2\/posts\/98099","targetHints":{"allow":["GET"]}}],"collection":[{"href":"https:\/\/tvc16.com\/portal\/wp-json\/wp\/v2\/posts"}],"about":[{"href":"https:\/\/tvc16.com\/portal\/wp-json\/wp\/v2\/types\/post"}],"author":[{"embeddable":true,"href":"https:\/\/tvc16.com\/portal\/wp-json\/wp\/v2\/users\/2"}],"replies":[{"embeddable":true,"href":"https:\/\/tvc16.com\/portal\/wp-json\/wp\/v2\/comments?post=98099"}],"version-history":[{"count":1,"href":"https:\/\/tvc16.com\/portal\/wp-json\/wp\/v2\/posts\/98099\/revisions"}],"predecessor-version":[{"id":98101,"href":"https:\/\/tvc16.com\/portal\/wp-json\/wp\/v2\/posts\/98099\/revisions\/98101"}],"wp:featuredmedia":[{"embeddable":true,"href":"https:\/\/tvc16.com\/portal\/wp-json\/wp\/v2\/media\/98100"}],"wp:attachment":[{"href":"https:\/\/tvc16.com\/portal\/wp-json\/wp\/v2\/media?parent=98099"}],"wp:term":[{"taxonomy":"category","embeddable":true,"href":"https:\/\/tvc16.com\/portal\/wp-json\/wp\/v2\/categories?post=98099"},{"taxonomy":"post_tag","embeddable":true,"href":"https:\/\/tvc16.com\/portal\/wp-json\/wp\/v2\/tags?post=98099"}],"curies":[{"name":"wp","href":"https:\/\/api.w.org\/{rel}","templated":true}]}}