{"id":98102,"date":"2025-01-28T08:16:11","date_gmt":"2025-01-28T11:16:11","guid":{"rendered":"https:\/\/tvc16.com\/portal\/?p=98102"},"modified":"2025-01-28T08:16:14","modified_gmt":"2025-01-28T11:16:14","slug":"aos-18-anos-joao-fonseca-entra-no-top-100-do-ranking-mundial-de-tenis","status":"publish","type":"post","link":"https:\/\/tvc16.com\/portal\/2025\/01\/28\/aos-18-anos-joao-fonseca-entra-no-top-100-do-ranking-mundial-de-tenis\/","title":{"rendered":"Aos 18 anos, Jo\u00e3o Fonseca entra no top 100 do ranking mundial de t\u00eanis"},"content":{"rendered":"\n<p><em>Ele \u00e9 o mais novo a ingressar no seleto grupo desde o espanhol Alcaraz<\/em><\/p>\n\n\n\n<p>Por Ag\u00eancia Brasil<\/p>\n\n\n\n<p><\/p>\n\n\n\n<p>Uma fa\u00e7anha para poucos brasileiros na hist\u00f3ria. Nesta segunda-feira (27), o carioca Jo\u00e3o Fonseca, de 18 anos e cinco meses, entrou pela primeira vez no&nbsp;<a href=\"https:\/\/www.atptour.com\/en\/rankings\/singles?RankRange=0-5000&amp;Region=all&amp;DateWeek=Current%20Week\"><strong>top 100 do ranking mundial da Associa\u00e7\u00e3o de T\u00eanis Profissional&nbsp;<\/strong><\/a>(ATP, na sigla em ingl\u00eas). Fonseca, que debutou este ano na carreira profissional, abriu a temporada em 145\u00ba lugar e ap\u00f3s a atualiza\u00e7\u00e3o de hoje (27), passou a ocupar a 99\u00aa coloca\u00e7\u00e3o. Fonseca \u00e9 o segundo tenista, depois do espanhol Carlos Alcaraz, a ingressar no seleto grupo, onde j\u00e1 estiveram outros 28 tenistas brasileiros. Alcaraz tinha 18 anos e 19 dias de idade quando ascendeu pela primeira vez ao top 100.<img decoding=\"async\" src=\"https:\/\/agenciabrasil.ebc.com.br\/ebc.png?id=1628124&amp;o=node\"><img decoding=\"async\" src=\"https:\/\/agenciabrasil.ebc.com.br\/ebc.gif?id=1628124&amp;o=node\"><\/p>\n\n\n\n<p>Outros dois brasileiros figuram entre os 100 mais bem colocados na lista da ATP: o paranaense Thiago Wild ocupa a melhor posi\u00e7\u00e3o (76\u00ba lugar) e o cearense Thiago Monteiro est\u00e1 em 100\u00ba lugar. <\/p>\n\n\n\n<p>No \u00faltimo dia 4, Jo\u00e3o Fonseca j\u00e1 havia subido 32 posi\u00e7\u00f5es \u2013 saltou da 145\u00aa para a 113\u00aa coloca\u00e7\u00e3o \u2013 ap\u00f3s conquista de dois t\u00edtulos consecutivas: Next Gen ATP Finals, em Jed\u00e1 (Ar\u00e1bia Saudita), em dezembro; &nbsp;e o Challenger de Camberra (Austr\u00e1lia), uma semana antes do primeiro Grand Slam do ano, em Melbourne.<\/p>\n\n\n\n<p>Antes da estreia retumbante na chave principal do Aberto da Austr\u00e1lia, Jo\u00e3o Fonseca furou o&nbsp;<em>qualifying&nbsp;<\/em>(torneio qualificat\u00f3rio): cravou vit\u00f3rias sobre o argentino Federico Gomes (134\u00ba no ranking), contra Coleman Wong (172\u00ba), de Hong Kong; e contra o argentino Thiago Tirante (115\u00ba). Depois, na primeira rodada de simples do Grand Slam australiano, o brasileiro surpreendeu o russo Andrey Rublev, at\u00e9 ent\u00e3o n\u00famero 9 do mundo. Foseca aplicou 3 sets a 0 no advers\u00e1rio, com parciais de r 7-6(1), 6-3 e 7-6(5). Na rodada seguinte, Fonseca lutou como nunca, mas se despediu de Melbourne, ap\u00f3s ser superado por 3 sets a 2, com parciais de 6-7(6), 6-3, 6-1, 3-6 e 6-3.<\/p>\n\n\n\n<p>O tenista carioca volta a representar o Brasil no pr\u00f3ximo fim de semana \u2013 entre os dias 1\u00ba e 2 de fevereiro &#8211; no qualificat\u00f3rio da Copa Davis, torneio masculino entre na\u00e7\u00f5es. O primeiro jogo do Brasil ser\u00e1 contra a Fran\u00e7a, na casa dos advers\u00e1rios, na cidade de Orleans. Jo\u00e3o Fonseca j\u00e1 se juntou aos treinamentos da equipe amarelinha em Orleans, e vive a&nbsp;expectativa da estreia.&nbsp;<\/p>\n\n\n\n<blockquote class=\"wp-block-quote is-layout-flow wp-block-quote-is-layout-flow\">\n<p>\u201cFoi um pouco de correria, mas consegui dar uma ambientada, bater uma bolinha. Sentir como \u00e9. \u00c9 uma quadra mais r\u00e1pida do que a outdoor. Joguei bastante indoor no fim do ano. Consegui aprender a jogar melhor. Estou ambientado. Estou me sentindo bem aqui. Foi um bom treinamento. Espero continuar assim, nessa mesma&nbsp;<em>vibe<\/em>\u201d, disse o carioca em depoimento \u00e0 Confedera\u00e7\u00e3o Brasileira de T\u00eanis (CBT)..<\/p>\n<\/blockquote>\n","protected":false},"excerpt":{"rendered":"<p>Ele \u00e9 o mais novo a ingressar no seleto grupo desde o espanhol Alcaraz Por<\/p>\n","protected":false},"author":2,"featured_media":98103,"comment_status":"open","ping_status":"open","sticky":false,"template":"","format":"standard","meta":{"footnotes":""},"categories":[17],"tags":[],"class_list":["post-98102","post","type-post","status-publish","format-standard","has-post-thumbnail","hentry","category-outras-noticias"],"_links":{"self":[{"href":"https:\/\/tvc16.com\/portal\/wp-json\/wp\/v2\/posts\/98102","targetHints":{"allow":["GET"]}}],"collection":[{"href":"https:\/\/tvc16.com\/portal\/wp-json\/wp\/v2\/posts"}],"about":[{"href":"https:\/\/tvc16.com\/portal\/wp-json\/wp\/v2\/types\/post"}],"author":[{"embeddable":true,"href":"https:\/\/tvc16.com\/portal\/wp-json\/wp\/v2\/users\/2"}],"replies":[{"embeddable":true,"href":"https:\/\/tvc16.com\/portal\/wp-json\/wp\/v2\/comments?post=98102"}],"version-history":[{"count":1,"href":"https:\/\/tvc16.com\/portal\/wp-json\/wp\/v2\/posts\/98102\/revisions"}],"predecessor-version":[{"id":98104,"href":"https:\/\/tvc16.com\/portal\/wp-json\/wp\/v2\/posts\/98102\/revisions\/98104"}],"wp:featuredmedia":[{"embeddable":true,"href":"https:\/\/tvc16.com\/portal\/wp-json\/wp\/v2\/media\/98103"}],"wp:attachment":[{"href":"https:\/\/tvc16.com\/portal\/wp-json\/wp\/v2\/media?parent=98102"}],"wp:term":[{"taxonomy":"category","embeddable":true,"href":"https:\/\/tvc16.com\/portal\/wp-json\/wp\/v2\/categories?post=98102"},{"taxonomy":"post_tag","embeddable":true,"href":"https:\/\/tvc16.com\/portal\/wp-json\/wp\/v2\/tags?post=98102"}],"curies":[{"name":"wp","href":"https:\/\/api.w.org\/{rel}","templated":true}]}}