{"id":98117,"date":"2025-01-28T08:29:20","date_gmt":"2025-01-28T11:29:20","guid":{"rendered":"https:\/\/tvc16.com\/portal\/?p=98117"},"modified":"2025-01-28T08:29:55","modified_gmt":"2025-01-28T11:29:55","slug":"prefeitura-recebe-empresarios-e-moradores-de-itaipava-para-discutir-solucoes-para-o-transito-no-terceiro-distrito","status":"publish","type":"post","link":"https:\/\/tvc16.com\/portal\/2025\/01\/28\/prefeitura-recebe-empresarios-e-moradores-de-itaipava-para-discutir-solucoes-para-o-transito-no-terceiro-distrito\/","title":{"rendered":"Prefeitura recebe empres\u00e1rios e moradores de Itaipava para discutir solu\u00e7\u00f5es para o tr\u00e2nsito no terceiro distrito"},"content":{"rendered":"\n<p><em>Obras e melhorias na sinaliza\u00e7\u00e3o est\u00e3o entre as medidas que foram debatidas no encontro.<\/em><\/p>\n\n\n\n<p>Na manh\u00e3 desta segunda-feira (27), o prefeito Hingo Hammes, o presidente da Companhia de Tr\u00e2nsito e Transportes &#8211; CPTrans, Luciano Moreira, o secret\u00e1rio de Obras, Maur\u00edcio Veiga, e o assessor especial do prefeito, Marcelo Fiorini, receberam moradores e representantes do movimento Unidos Por Itaipava (Unita) para discutir melhorias no tr\u00e2nsito do terceiro distrito. Tamb\u00e9m participou da reuni\u00e3o o engenheiro Luiz Assump\u00e7\u00e3o, diretor da empresa \u00danica.<\/p>\n\n\n\n<p>&#8220;Nos distritos, a gente sabe que h\u00e1 uma demanda grande por melhorias no tr\u00e2nsito. O objetivo desse encontro \u00e9 ouvir todo mundo, dialogar e entender as medidas que atendem da melhor maneira. Para chegar em um consenso e na melhor solu\u00e7\u00e3o. Claro, que tudo deve ser aplicado em fase de testes, para que a gente possa sentir o impacto das mudan\u00e7as e se elas efetivamente v\u00e3o trazer melhorias para mobilidade urbana na nossa cidade&#8221;, disse o prefeito Hingo Hammes.<\/p>\n\n\n\n<p>Entre as medidas apresentadas tanto pelo poder p\u00fablico, quanto pelos representantes da sociedade civil h\u00e1 mudan\u00e7a no sentido de vias, cria\u00e7\u00e3o de rotat\u00f3rias, melhorias na sinaliza\u00e7\u00e3o, no transporte p\u00fablico e no est\u00edmulo para que as pessoas troquem o ve\u00edculo individual pelo coletivo.<\/p>\n\n\n\n<p>&#8220;Esse di\u00e1logo \u00e9 fundamental para alinhar as medidas que precisam ser executadas no curto e no m\u00e9dio prazo, especialmente, para que a gente consiga causar um impacto positivo na mobilidade urbana em Petr\u00f3polis. Hoje a cidade tem quase 200 mil ve\u00edculos, n\u00famero que cresceu 68% nos \u00faltimos 15 anos. Por isso \u00e9 preciso pensar e executar solu\u00e7\u00f5es. E muitas das interven\u00e7\u00f5es, que a gente j\u00e1 pode colocar em pr\u00e1tica, n\u00e3o demandam grandes obras de infraestrutura, s\u00e3o interven\u00e7\u00f5es pequenas, como a execu\u00e7\u00e3o de rotat\u00f3rias, mudan\u00e7as nos acessos \u00e0 Uni\u00e3o e Ind\u00fastria e \u00e0 BR-040&#8221;, destacou o presidente da CPTrans.<\/p>\n","protected":false},"excerpt":{"rendered":"<p>Obras e melhorias na sinaliza\u00e7\u00e3o est\u00e3o entre as medidas que foram debatidas no encontro. Na<\/p>\n","protected":false},"author":2,"featured_media":98118,"comment_status":"open","ping_status":"open","sticky":false,"template":"","format":"standard","meta":{"footnotes":""},"categories":[12],"tags":[],"class_list":["post-98117","post","type-post","status-publish","format-standard","has-post-thumbnail","hentry","category-cidade"],"_links":{"self":[{"href":"https:\/\/tvc16.com\/portal\/wp-json\/wp\/v2\/posts\/98117","targetHints":{"allow":["GET"]}}],"collection":[{"href":"https:\/\/tvc16.com\/portal\/wp-json\/wp\/v2\/posts"}],"about":[{"href":"https:\/\/tvc16.com\/portal\/wp-json\/wp\/v2\/types\/post"}],"author":[{"embeddable":true,"href":"https:\/\/tvc16.com\/portal\/wp-json\/wp\/v2\/users\/2"}],"replies":[{"embeddable":true,"href":"https:\/\/tvc16.com\/portal\/wp-json\/wp\/v2\/comments?post=98117"}],"version-history":[{"count":1,"href":"https:\/\/tvc16.com\/portal\/wp-json\/wp\/v2\/posts\/98117\/revisions"}],"predecessor-version":[{"id":98119,"href":"https:\/\/tvc16.com\/portal\/wp-json\/wp\/v2\/posts\/98117\/revisions\/98119"}],"wp:featuredmedia":[{"embeddable":true,"href":"https:\/\/tvc16.com\/portal\/wp-json\/wp\/v2\/media\/98118"}],"wp:attachment":[{"href":"https:\/\/tvc16.com\/portal\/wp-json\/wp\/v2\/media?parent=98117"}],"wp:term":[{"taxonomy":"category","embeddable":true,"href":"https:\/\/tvc16.com\/portal\/wp-json\/wp\/v2\/categories?post=98117"},{"taxonomy":"post_tag","embeddable":true,"href":"https:\/\/tvc16.com\/portal\/wp-json\/wp\/v2\/tags?post=98117"}],"curies":[{"name":"wp","href":"https:\/\/api.w.org\/{rel}","templated":true}]}}