{"id":9812,"date":"2021-01-21T21:45:08","date_gmt":"2021-01-22T00:45:08","guid":{"rendered":"https:\/\/tvc16.com\/portal\/?p=9812"},"modified":"2021-01-21T22:02:38","modified_gmt":"2021-01-22T01:02:38","slug":"no-segundo-dia-de-vacinacao-volante-contra-o-coronavirus-equipes-de-enfermagem-sob-coordenacao-da-vigilancia-epidemiologica-imunizaram-334-pessoas-ontem-196-ja-tinham-tomado-a-vacina-nesta-quint","status":"publish","type":"post","link":"https:\/\/tvc16.com\/portal\/2021\/01\/21\/no-segundo-dia-de-vacinacao-volante-contra-o-coronavirus-equipes-de-enfermagem-sob-coordenacao-da-vigilancia-epidemiologica-imunizaram-334-pessoas-ontem-196-ja-tinham-tomado-a-vacina-nesta-quint\/","title":{"rendered":"No segundo dia de vacina\u00e7\u00e3o volante contra o coronav\u00edrus, equipes de enfermagem, sob coordena\u00e7\u00e3o da Vigil\u00e2ncia Epidemiol\u00f3gica, imunizaram 334 pessoas. Ontem, 196 j\u00e1 tinham tomado a vacina. Nesta quinta-feira (21), tr\u00eas equipes estiveram em tr\u00eas unidades hospitalares e tr\u00eas institui\u00e7\u00f5es de longa perman\u00eancia"},"content":{"rendered":"\n<p>As equipes retornaram ao Hospital Nelson S\u00e1 Earp e estiveram na UPA Cascatinha e no SMH para vacinar profissionais que est\u00e3o atuando na linha de frente de combate ao Covid-19 e que atuam nas UTIs e salas de urg\u00eancia e emerg\u00eancia. Tr\u00eas institui\u00e7\u00f5es de longa perman\u00eancia tamb\u00e9m receberam as equipes para vacina\u00e7\u00e3o dos idosos com mais de 60 anos: Despertar, Recanto da Terceira Idade e Lar Cotinha.<\/p>\n\n\n\n<p>O prefeito interino Hingo Hammes acompanhou a vacina\u00e7\u00e3o na UPA Cascatinha. \u201cA chegada da vacina trouxe esperan\u00e7a, mas ainda \u00e9 um passo pequeno. \u00c9 o in\u00edcio de um longo trabalho. Continuamos na luta para vacinarmos n\u00e3o s\u00f3 os profissionais da sa\u00fade, como toda a popula\u00e7\u00e3o\u201d, afirmou.<\/p>\n","protected":false},"excerpt":{"rendered":"<p>As equipes retornaram ao Hospital Nelson S\u00e1 Earp e estiveram na UPA Cascatinha e no<\/p>\n","protected":false},"author":2,"featured_media":9814,"comment_status":"open","ping_status":"open","sticky":false,"template":"","format":"standard","meta":{"footnotes":""},"categories":[12],"tags":[],"class_list":["post-9812","post","type-post","status-publish","format-standard","has-post-thumbnail","hentry","category-cidade"],"_links":{"self":[{"href":"https:\/\/tvc16.com\/portal\/wp-json\/wp\/v2\/posts\/9812","targetHints":{"allow":["GET"]}}],"collection":[{"href":"https:\/\/tvc16.com\/portal\/wp-json\/wp\/v2\/posts"}],"about":[{"href":"https:\/\/tvc16.com\/portal\/wp-json\/wp\/v2\/types\/post"}],"author":[{"embeddable":true,"href":"https:\/\/tvc16.com\/portal\/wp-json\/wp\/v2\/users\/2"}],"replies":[{"embeddable":true,"href":"https:\/\/tvc16.com\/portal\/wp-json\/wp\/v2\/comments?post=9812"}],"version-history":[{"count":2,"href":"https:\/\/tvc16.com\/portal\/wp-json\/wp\/v2\/posts\/9812\/revisions"}],"predecessor-version":[{"id":9821,"href":"https:\/\/tvc16.com\/portal\/wp-json\/wp\/v2\/posts\/9812\/revisions\/9821"}],"wp:featuredmedia":[{"embeddable":true,"href":"https:\/\/tvc16.com\/portal\/wp-json\/wp\/v2\/media\/9814"}],"wp:attachment":[{"href":"https:\/\/tvc16.com\/portal\/wp-json\/wp\/v2\/media?parent=9812"}],"wp:term":[{"taxonomy":"category","embeddable":true,"href":"https:\/\/tvc16.com\/portal\/wp-json\/wp\/v2\/categories?post=9812"},{"taxonomy":"post_tag","embeddable":true,"href":"https:\/\/tvc16.com\/portal\/wp-json\/wp\/v2\/tags?post=9812"}],"curies":[{"name":"wp","href":"https:\/\/api.w.org\/{rel}","templated":true}]}}