{"id":98144,"date":"2025-01-29T05:00:00","date_gmt":"2025-01-29T08:00:00","guid":{"rendered":"https:\/\/tvc16.com\/portal\/?p=98144"},"modified":"2025-01-28T15:38:33","modified_gmt":"2025-01-28T18:38:33","slug":"especialistas-da-radio-serra-destacam-a-importancia-dos-cuidados-ao-longo-do-tratamento-do-cancer-de-colo-do-utero-por-radioterapia","status":"publish","type":"post","link":"https:\/\/tvc16.com\/portal\/2025\/01\/29\/especialistas-da-radio-serra-destacam-a-importancia-dos-cuidados-ao-longo-do-tratamento-do-cancer-de-colo-do-utero-por-radioterapia\/","title":{"rendered":"Especialistas da Radio Serra destacam a import\u00e2ncia dos cuidados ao longo do tratamento do c\u00e2ncer de colo do \u00fatero por radioterapia"},"content":{"rendered":"\n<p>No m\u00eas de conscientiza\u00e7\u00e3o para a preven\u00e7\u00e3o do c\u00e2ncer do colo do \u00fatero, a Cl\u00ednica Radio Serra Radioterapia destaca a relev\u00e2ncia da radioterapia no tratamento da doen\u00e7a. O m\u00e9todo usa radia\u00e7\u00f5es ionizantes para destruir ou inibir o crescimento das c\u00e9lulas cancer\u00edgenas. Pode ser usado como tratamento principal ou para combater casos de recidiva ou met\u00e1stase, sendo, em algumas situa\u00e7\u00f5es, aplicado em conjunto com a quimioterapia. Os especialistas da cl\u00ednica refer\u00eancia em radioterapia em Petr\u00f3polis ressaltam os avan\u00e7os existentes na medicina, mas refor\u00e7am que a manuten\u00e7\u00e3o do acompanhamento m\u00e9dico \u00e9 fundamental para a identifica\u00e7\u00e3o da doen\u00e7a em est\u00e1gio inicial, o que garante os melhores resultados para a recupera\u00e7\u00e3o e qualidade de vida dos pacientes.<\/p>\n\n\n\n<p>O tratamento do c\u00e2ncer de colo do \u00fatero com radioterapia pode ser feito por m\u00e9todos diferentes, se adequando \u00e0s necessidades de cada paciente para garantir a efic\u00e1cia nos resultados. Em cada caso h\u00e1 efeitos colaterais que precisam de acompanhamento especializado para garantir o alcance dos resultados esperados e principalmente, maior conforto e seguran\u00e7a dos pacientes. \u201cO tratamento por radioterapia, em caso de c\u00e2ncer de colo do \u00fatero, dura em m\u00e9dia 25 dias e os principais efeitos colaterais s\u00e3o c\u00f3licas, diarreia, ard\u00eancia ao urinar e assaduras. Assim, \u00e9 importante o suporte aos pacientes ao longo do processo, tornando-o mais confort\u00e1vel\u201d, destacou o m\u00e9dico radio-oncologista da Radio Serra, Guilherme Barbosa.<\/p>\n\n\n\n<p>A radioterapia pode ser aplicada por feixe externo da radia\u00e7\u00e3o, geralmente combinada com quimioterapia, sendo alternativa para pacientes que n\u00e3o podem ou optam por n\u00e3o fazer cirurgia e pode ser usada isoladamente para tratar \u00e1reas de dissemina\u00e7\u00e3o da doen\u00e7a. O tratamento tamb\u00e9m pode ser executado de forma interna, por meio do m\u00e9todo chamado braquiterapia, quando o material radioativo \u00e9 inserido ou aplicado pr\u00f3ximo ao \u00f3rg\u00e3o a ser tratado. \u00c9 uma alternativa adicional \u00e0 radioterapia de feixes externos e o efeito colateral mais comum \u00e9 a irrita\u00e7\u00e3o da \u00e1rea tratada, o que pode ser completamente controlado a partir dos cuidados recomendados pelos especialistas.<\/p>\n\n\n\n<p>\u201cA radioterapia oferece grande efic\u00e1cia nos resultados do tratamento e \u00e9 de extrema import\u00e2ncia que o paciente siga as orienta\u00e7\u00f5es m\u00e9dicas para controlar os efeitos colaterais. \u00c9 poss\u00edvel fazer com que o per\u00edodo do tratamento seja confort\u00e1vel, contribuindo com o bem estar dos pacientes\u201d, acrescentou o m\u00e9dico<br>radio-oncologista da Radio Serra, Daniel Przybysz, que refor\u00e7a a import\u00e2ncia dos cuidados de rotina, essenciais para a identifica\u00e7\u00e3o precoce da doen\u00e7a, o que contribui para os bons resultados no tratamento.<\/p>\n\n\n\n<p>Sendo uma doen\u00e7a muitas das vezes relacionada ao v\u00edrus do HPV, o especialista destaca que al\u00e9m dos avan\u00e7os da medicina que atualmente contribuem para a identifica\u00e7\u00e3o do c\u00e2ncer, os cuidados preventivos s\u00e3o acess\u00edveis. \u201cA gente bem sabe que a tecnologia possibilitou a exist\u00eancia da vacina do HPV, oferecida pelo Sistema P\u00fablico de Sa\u00fade, al\u00e9m de haver m\u00e9todos para o rastreio da doen\u00e7a a partir da rotina nos cuidados m\u00e9dicos. O c\u00e2ncer do colo do \u00fatero \u00e9 extremamente cur\u00e1vel quando diagnosticado precocemente\u201d, enfatizou.<\/p>\n\n\n\n<p>Apesar da exist\u00eancia dos cuidados acess\u00edveis para a popula\u00e7\u00e3o, o Instituto Nacional do C\u00e2ncer (INCA) ainda aponta que, exceto o c\u00e2ncer de pele n\u00e3o melanoma, esse \u00e9 o terceiro tumor maligno mais frequente entre as mulheres, ficando atr\u00e1s apenas do c\u00e2ncer de mama e do colorretal. \u00c9 a quarta causa de morte da popula\u00e7\u00e3o feminina pela doen\u00e7a no Brasil.<\/p>\n\n\n\n<p>O c\u00e2ncer do colo do \u00fatero, tamb\u00e9m chamado de c\u00e2ncer cervical, \u00e9 causado pela infec\u00e7\u00e3o genital persistente por alguns tipos do Papilomav\u00edrus Humano &#8211; HPV (chamados de tipos oncog\u00eanicos). O v\u00edrus \u00e9 sexualmente transmiss\u00edvel, na maioria das vezes a infec\u00e7\u00e3o n\u00e3o causa doen\u00e7a, mas em alguns casos, ocorrem altera\u00e7\u00f5es celulares que podem evoluir ao longo dos anos para o c\u00e2ncer. Outros fatores de risco s\u00e3o o tabagismo e a baixa imunidade.<\/p>\n\n\n\n<p>Foto: divulga\u00e7\u00e3o <\/p>\n","protected":false},"excerpt":{"rendered":"<p>No m\u00eas de conscientiza\u00e7\u00e3o para a preven\u00e7\u00e3o do c\u00e2ncer do colo do \u00fatero, a Cl\u00ednica<\/p>\n","protected":false},"author":2,"featured_media":98145,"comment_status":"open","ping_status":"open","sticky":false,"template":"","format":"standard","meta":{"footnotes":""},"categories":[12],"tags":[],"class_list":["post-98144","post","type-post","status-publish","format-standard","has-post-thumbnail","hentry","category-cidade"],"_links":{"self":[{"href":"https:\/\/tvc16.com\/portal\/wp-json\/wp\/v2\/posts\/98144","targetHints":{"allow":["GET"]}}],"collection":[{"href":"https:\/\/tvc16.com\/portal\/wp-json\/wp\/v2\/posts"}],"about":[{"href":"https:\/\/tvc16.com\/portal\/wp-json\/wp\/v2\/types\/post"}],"author":[{"embeddable":true,"href":"https:\/\/tvc16.com\/portal\/wp-json\/wp\/v2\/users\/2"}],"replies":[{"embeddable":true,"href":"https:\/\/tvc16.com\/portal\/wp-json\/wp\/v2\/comments?post=98144"}],"version-history":[{"count":1,"href":"https:\/\/tvc16.com\/portal\/wp-json\/wp\/v2\/posts\/98144\/revisions"}],"predecessor-version":[{"id":98146,"href":"https:\/\/tvc16.com\/portal\/wp-json\/wp\/v2\/posts\/98144\/revisions\/98146"}],"wp:featuredmedia":[{"embeddable":true,"href":"https:\/\/tvc16.com\/portal\/wp-json\/wp\/v2\/media\/98145"}],"wp:attachment":[{"href":"https:\/\/tvc16.com\/portal\/wp-json\/wp\/v2\/media?parent=98144"}],"wp:term":[{"taxonomy":"category","embeddable":true,"href":"https:\/\/tvc16.com\/portal\/wp-json\/wp\/v2\/categories?post=98144"},{"taxonomy":"post_tag","embeddable":true,"href":"https:\/\/tvc16.com\/portal\/wp-json\/wp\/v2\/tags?post=98144"}],"curies":[{"name":"wp","href":"https:\/\/api.w.org\/{rel}","templated":true}]}}