{"id":98149,"date":"2025-01-29T05:00:00","date_gmt":"2025-01-29T08:00:00","guid":{"rendered":"https:\/\/tvc16.com\/portal\/?p=98149"},"modified":"2025-01-28T17:03:53","modified_gmt":"2025-01-28T20:03:53","slug":"sesc-verao-diversao-lazer-e-muita-musica-levam-mais-de-27-mil-pessoas-na-praca-olimpica","status":"publish","type":"post","link":"https:\/\/tvc16.com\/portal\/2025\/01\/29\/sesc-verao-diversao-lazer-e-muita-musica-levam-mais-de-27-mil-pessoas-na-praca-olimpica\/","title":{"rendered":"Sesc Ver\u00e3o:\u00a0 divers\u00e3o, lazer e muita m\u00fasica levam mais de 27 mil pessoas na Pra\u00e7a Ol\u00edmpica"},"content":{"rendered":"\n<p>O Festival Sesc Ver\u00e3o 2025 continua a trazer uma mistura vibrante de m\u00fasica, lazer, esportes, cultura e energia a 25 cidades do estado do Rio de Janeiro. No \u00faltimo final de semana, a Pra\u00e7a Ol\u00edmpica em Teres\u00f3polis foi palco de apresenta\u00e7\u00f5es que animaram o p\u00fablico. Em sua 7\u00ba edi\u00e7\u00e3o, com uma programa\u00e7\u00e3o totalmente gratuita e voltada para toda a fam\u00edlia, o evento atraiu mais de 27 mil pessoas.<\/p>\n\n\n\n<p>Foram dois dias de pura divers\u00e3o, entretenimento e organiza\u00e7\u00e3o, que proporcionaram ao p\u00fablico shows de renomados artistas do pagode e do reggae, como o Grupo Revela\u00e7\u00e3o e Maneva, al\u00e9m das bandas locais MangaBrothers e Quintal do C\u00e9u, as\u201cpratas da casa\u201d, destacando o talento da regi\u00e3o.<\/p>\n\n\n\n<p>A secret\u00e1ria de Turismo, Nina Benedito, destacou o \u00eaxito da&nbsp; parceria entre a Prefeitura e o Sesc. \u201cO Festival de Ver\u00e3o \u00e9 um presente para Teres\u00f3polis, pois oferece \u00e0 popula\u00e7\u00e3o acesso a atividades culturais e de lazer de forma gratuita, al\u00e9m de impulsionar&nbsp;setores econ\u00f4micos como com\u00e9rcio, hotelaria e turismo. \u00c9 importante ressaltar o papel das bandas locais, que recebem um destaque especial, valorizando a cultura da nossa regi\u00e3o, uma prioridade da gest\u00e3o do Prefeito Leonardo Vasconcellos. A cada ano, somos surpreendidos com uma programa\u00e7\u00e3o mais diversificada e atividades para todos os p\u00fablicos\u201d, afirmou Nina, acompanhada de sua equipe, que prestigiou o evento nos dois dias.<\/p>\n\n\n\n<p>A iniciativa conta com o apoio da Prefeitura de Teres\u00f3polis, atrav\u00e9s da Secretaria M. de Turismo. A programa\u00e7\u00e3o segue at\u00e9 o dia 16 de fevereiro e pode ser conferida no site&nbsp;<a rel=\"noreferrer noopener\" target=\"_blank\" href=\"https:\/\/na01.safelinks.protection.outlook.com\/?url=http%3A%2F%2Fwww.sescverao.com.br%2F&amp;data=05%7C02%7C%7C6dd65fe069f642da175508dd3fd524aa%7C84df9e7fe9f640afb435aaaaaaaaaaaa%7C1%7C0%7C638736906986472730%7CUnknown%7CTWFpbGZsb3d8eyJFbXB0eU1hcGkiOnRydWUsIlYiOiIwLjAuMDAwMCIsIlAiOiJXaW4zMiIsIkFOIjoiTWFpbCIsIldUIjoyfQ%3D%3D%7C0%7C%7C%7C&amp;sdata=CzKhh8iHNMTNOejMsskkINUKKWSbrMBYtono8AI8QJU%3D&amp;reserved=0\">www.sescverao.com.br<\/a>.<\/p>\n\n\n\n<p><strong>Sobre o Sesc Ver\u00e3o 2025<\/strong><\/p>\n\n\n\n<p>O projeto ocorre entre 17 de janeiro e 16 de fevereiro, abrangendo 46 localidades em 25 cidades do estado. Al\u00e9m de promover esportes e cultura, o Sesc Ver\u00e3o oferece atividades voltadas \u00e0 sa\u00fade, preserva\u00e7\u00e3o ambiental e assist\u00eancia social, proporcionando um ver\u00e3o memor\u00e1vel tanto para moradores quanto para turistas.<\/p>\n\n\n\n<p><strong>Fotos: Jorge Maravilha e Roberto Ferreira.<\/strong><\/p>\n","protected":false},"excerpt":{"rendered":"<p>O Festival Sesc Ver\u00e3o 2025 continua a trazer uma mistura vibrante de m\u00fasica, lazer, esportes,<\/p>\n","protected":false},"author":2,"featured_media":98150,"comment_status":"open","ping_status":"open","sticky":false,"template":"","format":"standard","meta":{"footnotes":""},"categories":[17,1],"tags":[],"class_list":["post-98149","post","type-post","status-publish","format-standard","has-post-thumbnail","hentry","category-outras-noticias","category-uncategorized"],"_links":{"self":[{"href":"https:\/\/tvc16.com\/portal\/wp-json\/wp\/v2\/posts\/98149","targetHints":{"allow":["GET"]}}],"collection":[{"href":"https:\/\/tvc16.com\/portal\/wp-json\/wp\/v2\/posts"}],"about":[{"href":"https:\/\/tvc16.com\/portal\/wp-json\/wp\/v2\/types\/post"}],"author":[{"embeddable":true,"href":"https:\/\/tvc16.com\/portal\/wp-json\/wp\/v2\/users\/2"}],"replies":[{"embeddable":true,"href":"https:\/\/tvc16.com\/portal\/wp-json\/wp\/v2\/comments?post=98149"}],"version-history":[{"count":1,"href":"https:\/\/tvc16.com\/portal\/wp-json\/wp\/v2\/posts\/98149\/revisions"}],"predecessor-version":[{"id":98151,"href":"https:\/\/tvc16.com\/portal\/wp-json\/wp\/v2\/posts\/98149\/revisions\/98151"}],"wp:featuredmedia":[{"embeddable":true,"href":"https:\/\/tvc16.com\/portal\/wp-json\/wp\/v2\/media\/98150"}],"wp:attachment":[{"href":"https:\/\/tvc16.com\/portal\/wp-json\/wp\/v2\/media?parent=98149"}],"wp:term":[{"taxonomy":"category","embeddable":true,"href":"https:\/\/tvc16.com\/portal\/wp-json\/wp\/v2\/categories?post=98149"},{"taxonomy":"post_tag","embeddable":true,"href":"https:\/\/tvc16.com\/portal\/wp-json\/wp\/v2\/tags?post=98149"}],"curies":[{"name":"wp","href":"https:\/\/api.w.org\/{rel}","templated":true}]}}