{"id":98152,"date":"2025-01-29T12:00:00","date_gmt":"2025-01-29T15:00:00","guid":{"rendered":"https:\/\/tvc16.com\/portal\/?p=98152"},"modified":"2025-01-28T17:20:23","modified_gmt":"2025-01-28T20:20:23","slug":"prevencao-de-desastres-naturais-equipe-da-cooperacao-brasil-japao-apresenta-projeto-da-barreira-sabo-em-teresopolis","status":"publish","type":"post","link":"https:\/\/tvc16.com\/portal\/2025\/01\/29\/prevencao-de-desastres-naturais-equipe-da-cooperacao-brasil-japao-apresenta-projeto-da-barreira-sabo-em-teresopolis\/","title":{"rendered":"Preven\u00e7\u00e3o de desastres naturais: Equipe da Coopera\u00e7\u00e3o Brasil-Jap\u00e3o apresenta projeto da Barreira SABO em Teres\u00f3polis"},"content":{"rendered":"\n<p>Nesta ter\u00e7a-feira, 28 de janeiro, Teres\u00f3polis, um dos munic\u00edpios da Regi\u00e3o Serrana contemplados com o projeto-piloto para a constru\u00e7\u00e3o de barreira SABO do tipo perme\u00e1vel, recebeu t\u00e9cnicos da Secretaria Nacional de Prote\u00e7\u00e3o e Defesa Civil (Minist\u00e9rio da Integra\u00e7\u00e3o e Desenvolvimento Regional), da Ag\u00eancia de Coopera\u00e7\u00e3o Internacional do Jap\u00e3o (JICA) e do Governo do Estado\/Secretaria Municipal de Habita\u00e7\u00e3o de Interesse Social (SMHIS). O encontro marcou o in\u00edcio da retomada de uma nova fase do projeto de colabora\u00e7\u00e3o entre Teres\u00f3polis, o Governo do Estado, Brasil e Jap\u00e3o, focado na preven\u00e7\u00e3o de riscos de desastres naturais.<\/p>\n\n\n\n<p>Recebidos pelo Prefeito Leonardo Vasconcellos em seu gabinete, os profissionais, dando continuidade ao trabalho iniciado em 2021, apresentaram o projeto de engenharia da barreira SABO em Campo Grande, um dos bairros mais impactados pela trag\u00e9dia clim\u00e1tica de janeiro de 2011. A barreira SABO \u00e9 reconhecida mundialmente como uma das tecnologias mais eficazes para a reten\u00e7\u00e3o de fluxos de detritos.<\/p>\n\n\n\n<p>&#8220;\u00c9 uma honra receb\u00ea-los aqui para darmos continuidade a este projeto t\u00e3o significativo para Teres\u00f3polis. Este \u00e9 um trabalho t\u00e9cnico de excel\u00eancia que visa preparar a cidade para enfrentar os desafios causados pelos desastres naturais. Sejam bem-vindos \u00e0 cidade mais alta do estado, e podem contar com o total apoio da Prefeitura para que essa coopera\u00e7\u00e3o se inicie o quanto antes. Vou mobilizar nossa equipe t\u00e9cnica para priorizar o andamento das etapas documentais necess\u00e1rias. Como mencionei anteriormente, vamos&nbsp;transformar papel em tijolo&#8221;, afirmou o Prefeito, acompanhado dos secret\u00e1rios municipais Andr\u00e9 Muniz (Governo), Tenente Coronel Mariana Antunes (Defesa Civil), Coronel Leonardo Maia (Meio Ambiente), Matheus Lauand Zeghir (Fiscaliza\u00e7\u00e3o de Obras P\u00fablicas) e de subsecret\u00e1rios, com equipes t\u00e9cnicas.<\/p>\n\n\n\n<p>A barreira SABO perme\u00e1vel, que ser\u00e1 a primeira do tipo a ser constru\u00edda no Brasil, contar\u00e1 com uma estrutura mista de concreto e a\u00e7o, projetada para reter a parte s\u00f3lida dos fluxos de detritos, que causam os efeitos devastadores dos desastres naturais que t\u00eam se tornado frequentes em v\u00e1rias cidades brasileiras.<\/p>\n\n\n\n<p>\u201c\u00c9 um momento muito prop\u00edcio para darmos continuidade a esse projeto, com o in\u00edcio da nova gest\u00e3o. A coopera\u00e7\u00e3o da Prefeitura \u00e9 essencial para avan\u00e7armos nesse processo. Com o apoio minucioso entre ambas as partes, juntos, vamos conseguir que a obra seja conclu\u00edda dentro do cronograma, que \u00e9 at\u00e9 junho de 2026. \u00c9 importante lembrar que o Governo do Estado levantar\u00e1 os custos para a abertura do edital de licita\u00e7\u00e3o, visando a contrata\u00e7\u00e3o da empresa respons\u00e1vel pela execu\u00e7\u00e3o da obra, que ser\u00e1 financiada integralmente com recursos federais&#8221;, ressaltou Frederico Seabra, Coordenador Geral de Preven\u00e7\u00e3o, Restabelecimento e Programas Estrat\u00e9gicos.<\/p>\n\n\n\n<p>O encontro contou com a presen\u00e7a de Taichi Minamitani, Diretor do Departamento da Terra e Meio Ambiente\/JICA Matriz, Kazuaki Komazawa, Coordenador de Projetos\/JICA Brasil, e Keita Kuboyama, representante do Grupo de Redu\u00e7\u00e3o de Desastres\/JICA Matriz.<\/p>\n\n\n\n<p>&#8220;Estou muito animado com a constru\u00e7\u00e3o deste projeto. Nosso desejo \u00e9 que Teres\u00f3polis abrigue a primeira barreira SABO perme\u00e1vel com estrutura met\u00e1lica do Brasil, servindo como exemplo de como essa tecnologia pode proteger vidas. A coopera\u00e7\u00e3o da Prefeitura \u00e9&nbsp;essencial para avan\u00e7armos nesse processo&#8221;, destacou Takasue Hayashi, engenheiro civil e conselheiro-chefe da JICA no Brasil, com a tradutora e int\u00e9rprete Ilze Maeda.<\/p>\n\n\n\n<p>&#8220;Teres\u00f3polis expressa sua gratid\u00e3o aos governos do Brasil e do Jap\u00e3o pela import\u00e2ncia dessas obras voltadas \u00e0 preserva\u00e7\u00e3o da vida. Precisamos avan\u00e7ar nessas interven\u00e7\u00f5es estrat\u00e9gicas para responder \u00e0s necessidades da popula\u00e7\u00e3o e evitar que trag\u00e9dias como a&nbsp;de 2011 se repitam&#8221;, concluiu o Prefeito Leonardo Vasconcellos.<\/p>\n\n\n\n<p><strong>Visita t\u00e9cnica em Campo Grande<\/strong><\/p>\n\n\n\n<p>Dando sequ\u00eancia \u00e0 agenda, as equipes realizaram uma visita t\u00e9cnica em Campo Grande, local onde a barreira SABO ser\u00e1 instalada e que foi uma das \u00e1reas mais afetadas pela trag\u00e9dia clim\u00e1tica de janeiro de 2011. O objetivo da visita foi realizar inspe\u00e7\u00f5es de campo e verificar as op\u00e7\u00f5es de acesso, a fim de definir os detalhes da implementa\u00e7\u00e3o da barreira SABO.<\/p>\n\n\n\n<p><strong>Fotos: Lara Benevenuti e Jorge Maravilha.<\/strong><\/p>\n","protected":false},"excerpt":{"rendered":"<p>Nesta ter\u00e7a-feira, 28 de janeiro, Teres\u00f3polis, um dos munic\u00edpios da Regi\u00e3o Serrana contemplados com o<\/p>\n","protected":false},"author":2,"featured_media":98153,"comment_status":"open","ping_status":"open","sticky":false,"template":"","format":"standard","meta":{"footnotes":""},"categories":[17],"tags":[],"class_list":["post-98152","post","type-post","status-publish","format-standard","has-post-thumbnail","hentry","category-outras-noticias"],"_links":{"self":[{"href":"https:\/\/tvc16.com\/portal\/wp-json\/wp\/v2\/posts\/98152","targetHints":{"allow":["GET"]}}],"collection":[{"href":"https:\/\/tvc16.com\/portal\/wp-json\/wp\/v2\/posts"}],"about":[{"href":"https:\/\/tvc16.com\/portal\/wp-json\/wp\/v2\/types\/post"}],"author":[{"embeddable":true,"href":"https:\/\/tvc16.com\/portal\/wp-json\/wp\/v2\/users\/2"}],"replies":[{"embeddable":true,"href":"https:\/\/tvc16.com\/portal\/wp-json\/wp\/v2\/comments?post=98152"}],"version-history":[{"count":1,"href":"https:\/\/tvc16.com\/portal\/wp-json\/wp\/v2\/posts\/98152\/revisions"}],"predecessor-version":[{"id":98154,"href":"https:\/\/tvc16.com\/portal\/wp-json\/wp\/v2\/posts\/98152\/revisions\/98154"}],"wp:featuredmedia":[{"embeddable":true,"href":"https:\/\/tvc16.com\/portal\/wp-json\/wp\/v2\/media\/98153"}],"wp:attachment":[{"href":"https:\/\/tvc16.com\/portal\/wp-json\/wp\/v2\/media?parent=98152"}],"wp:term":[{"taxonomy":"category","embeddable":true,"href":"https:\/\/tvc16.com\/portal\/wp-json\/wp\/v2\/categories?post=98152"},{"taxonomy":"post_tag","embeddable":true,"href":"https:\/\/tvc16.com\/portal\/wp-json\/wp\/v2\/tags?post=98152"}],"curies":[{"name":"wp","href":"https:\/\/api.w.org\/{rel}","templated":true}]}}